{"id":5894,"date":"2026-03-17T13:00:00","date_gmt":"2026-03-17T13:00:00","guid":{"rendered":"https:\/\/www.pricetravel.com\/es\/revista\/?p=5894"},"modified":"2026-03-18T21:56:08","modified_gmt":"2026-03-18T21:56:08","slug":"philadelphia-2026-eventos-imperdibles-para-celebrar-los-250-anos-de-estados-unidos","status":"publish","type":"post","link":"https:\/\/www.pricetravel.com\/es\/revista\/philadelphia-2026-eventos-imperdibles-para-celebrar-los-250-anos-de-estados-unidos\/","title":{"rendered":"Philadelphia 2026: eventos imperdibles para celebrar los 250 a\u00f1os de Estados Unidos"},"content":{"rendered":"\t\t<div data-elementor-type=\"wp-post\" data-elementor-id=\"5894\" class=\"elementor elementor-5894\" data-elementor-post-type=\"post\">\n\t\t\t\t\t\t<section class=\"elementor-section elementor-top-section elementor-element elementor-element-487f7c8 elementor-section-boxed elementor-section-height-default elementor-section-height-default\" data-id=\"487f7c8\" data-element_type=\"section\">\n\t\t\t\t\t\t<div class=\"elementor-container elementor-column-gap-default\">\n\t\t\t\t\t<div class=\"elementor-column elementor-col-100 elementor-top-column elementor-element elementor-element-cdec802\" data-id=\"cdec802\" data-element_type=\"column\">\n\t\t\t<div class=\"elementor-widget-wrap elementor-element-populated\">\n\t\t\t\t\t\t<div class=\"elementor-element elementor-element-7b7b116 elementor-widget elementor-widget-text-editor\" data-id=\"7b7b116\" data-element_type=\"widget\" data-widget_type=\"text-editor.default\">\n\t\t\t\t<div class=\"elementor-widget-container\">\n\t\t\t\t\t\t\t\t\t<p>Philadelphia es cuna de la historia de Estados Unidos y este 2026 celebrar\u00e1 en grande el <strong>250 aniversario<\/strong> <strong>de la firma de la Declaraci\u00f3n de Independencia,<\/strong> con una agenda que incluye festivales culturales, eventos deportivos internacionales y actividades para toda la familia.<\/p>\t\t\t\t\t\t\t\t<\/div>\n\t\t\t\t<\/div>\n\t\t\t\t\t<\/div>\n\t\t<\/div>\n\t\t\t\t\t<\/div>\n\t\t<\/section>\n\t\t\t\t<section class=\"elementor-section elementor-top-section elementor-element elementor-element-cc1fb36 elementor-section-boxed elementor-section-height-default elementor-section-height-default\" data-id=\"cc1fb36\" data-element_type=\"section\">\n\t\t\t\t\t\t<div class=\"elementor-container elementor-column-gap-default\">\n\t\t\t\t\t<div class=\"elementor-column elementor-col-100 elementor-top-column elementor-element elementor-element-f83001a\" data-id=\"f83001a\" data-element_type=\"column\">\n\t\t\t<div class=\"elementor-widget-wrap elementor-element-populated\">\n\t\t\t\t\t\t<div class=\"elementor-element elementor-element-5fccf26 elementor-widget elementor-widget-heading\" data-id=\"5fccf26\" data-element_type=\"widget\" data-widget_type=\"heading.default\">\n\t\t\t\t<div class=\"elementor-widget-container\">\n\t\t\t\t\t<h2 class=\"elementor-heading-title elementor-size-default\">4 de julio<\/h2>\t\t\t\t<\/div>\n\t\t\t\t<\/div>\n\t\t\t\t\t<\/div>\n\t\t<\/div>\n\t\t\t\t\t<\/div>\n\t\t<\/section>\n\t\t\t\t<section class=\"elementor-section elementor-top-section elementor-element elementor-element-cfe105a elementor-section-boxed elementor-section-height-default elementor-section-height-default\" data-id=\"cfe105a\" data-element_type=\"section\">\n\t\t\t\t\t\t<div class=\"elementor-container elementor-column-gap-default\">\n\t\t\t\t\t<div class=\"elementor-column elementor-col-100 elementor-top-column elementor-element elementor-element-8cd919f\" data-id=\"8cd919f\" data-element_type=\"column\">\n\t\t\t<div class=\"elementor-widget-wrap elementor-element-populated\">\n\t\t\t\t\t\t<div class=\"elementor-element elementor-element-5ca6069 elementor-widget elementor-widget-text-editor\" data-id=\"5ca6069\" data-element_type=\"widget\" data-widget_type=\"text-editor.default\">\n\t\t\t\t<div class=\"elementor-widget-container\">\n\t\t\t\t\t\t\t\t\t<p>Si el Independence Day siempre es una fiesta en todo Estados Unidos, en Philadelphia este 2026 tendr\u00e1 un significado a\u00fan m\u00e1s especial. Celebra el 4 de julio en la Benjamin Franklin Parkway junto a miles de personas para disfrutar de m\u00fasica en vivo y cerrar la noche con un espect\u00e1culo de fuegos artificiales.<\/p>\t\t\t\t\t\t\t\t<\/div>\n\t\t\t\t<\/div>\n\t\t\t\t<div class=\"elementor-element elementor-element-dc603a6 elementor-widget elementor-widget-image\" data-id=\"dc603a6\" data-element_type=\"widget\" data-widget_type=\"image.default\">\n\t\t\t\t<div class=\"elementor-widget-container\">\n\t\t\t\t\t\t\t\t\t\t\t\t<figure class=\"wp-caption\">\n\t\t\t\t\t\t\t\t\t\t<img fetchpriority=\"high\" decoding=\"async\" width=\"800\" height=\"599\" src=\"https:\/\/www.pricetravel.com\/es\/revista\/wp-content\/uploads\/2026\/03\/July-4th-Party-on-the-Parkway-Drone.jpg\" class=\"attachment-large size-large wp-image-5916\" alt=\"Actividades especiales por el 250 aniversario\" srcset=\"https:\/\/www.pricetravel.com\/es\/revista\/wp-content\/uploads\/2026\/03\/July-4th-Party-on-the-Parkway-Drone.jpg 800w, https:\/\/www.pricetravel.com\/es\/revista\/wp-content\/uploads\/2026\/03\/July-4th-Party-on-the-Parkway-Drone-300x225.jpg 300w, https:\/\/www.pricetravel.com\/es\/revista\/wp-content\/uploads\/2026\/03\/July-4th-Party-on-the-Parkway-Drone-768x575.jpg 768w\" sizes=\"(max-width: 800px) 100vw, 800px\" \/>\t\t\t\t\t\t\t\t\t\t\t<figcaption class=\"widget-image-caption wp-caption-text\">Celebra el 4 de julio en la Benjamin Franklin Parkway<\/figcaption>\n\t\t\t\t\t\t\t\t\t\t<\/figure>\n\t\t\t\t\t\t\t\t\t<\/div>\n\t\t\t\t<\/div>\n\t\t\t\t\t<\/div>\n\t\t<\/div>\n\t\t\t\t\t<\/div>\n\t\t<\/section>\n\t\t\t\t<section class=\"elementor-section elementor-top-section elementor-element elementor-element-4e43c89 elementor-section-boxed elementor-section-height-default elementor-section-height-default\" data-id=\"4e43c89\" data-element_type=\"section\">\n\t\t\t\t\t\t<div class=\"elementor-container elementor-column-gap-default\">\n\t\t\t\t\t<div class=\"elementor-column elementor-col-100 elementor-top-column elementor-element elementor-element-538b756\" data-id=\"538b756\" data-element_type=\"column\">\n\t\t\t<div class=\"elementor-widget-wrap elementor-element-populated\">\n\t\t\t\t\t\t<div class=\"elementor-element elementor-element-1a63ce9 elementor-widget elementor-widget-heading\" data-id=\"1a63ce9\" data-element_type=\"widget\" data-widget_type=\"heading.default\">\n\t\t\t\t<div class=\"elementor-widget-container\">\n\t\t\t\t\t<h2 class=\"elementor-heading-title elementor-size-default\">Celebra con las m\u00e1ximas estrellas del futbol y b\u00e9isbol<\/h2>\t\t\t\t<\/div>\n\t\t\t\t<\/div>\n\t\t\t\t\t<\/div>\n\t\t<\/div>\n\t\t\t\t\t<\/div>\n\t\t<\/section>\n\t\t\t\t<section class=\"elementor-section elementor-top-section elementor-element elementor-element-911399f elementor-section-boxed elementor-section-height-default elementor-section-height-default\" data-id=\"911399f\" data-element_type=\"section\">\n\t\t\t\t\t\t<div class=\"elementor-container elementor-column-gap-default\">\n\t\t\t\t\t<div class=\"elementor-column elementor-col-100 elementor-top-column elementor-element elementor-element-0d7993d\" data-id=\"0d7993d\" data-element_type=\"column\">\n\t\t\t<div class=\"elementor-widget-wrap elementor-element-populated\">\n\t\t\t\t\t\t<div class=\"elementor-element elementor-element-8c0c35b elementor-widget elementor-widget-text-editor\" data-id=\"8c0c35b\" data-element_type=\"widget\" data-widget_type=\"text-editor.default\">\n\t\t\t\t<div class=\"elementor-widget-container\">\n\t\t\t\t\t\t\t\t\t<p>En 2026, el deporte tambi\u00e9n ser\u00e1 protagonista. Diecis\u00e9is ciudades de Estados Unidos ser\u00e1n sede de partidos de la <strong>Copa Mundial de la FIFA<\/strong> y Philadelphia promete ser uno de los destinos favoritos para que disfrutes al m\u00e1ximo este torneo.<\/p><p>La llegada de los visitantes de todo el mundo se facilita gracias a la conexi\u00f3n a\u00e9rea de la ciudad con 120 destinos internacionales con vuelos directos o con conexi\u00f3n desde los aeropuertos de Newark (EWR) y Nueva York (JFK). Adem\u00e1s de la amplia oferta hotelera de la ciudad con opciones para todos los presupuestos.<\/p>\t\t\t\t\t\t\t\t<\/div>\n\t\t\t\t<\/div>\n\t\t\t\t<div class=\"elementor-element elementor-element-a012a95 elementor-widget elementor-widget-image\" data-id=\"a012a95\" data-element_type=\"widget\" data-widget_type=\"image.default\">\n\t\t\t\t<div class=\"elementor-widget-container\">\n\t\t\t\t\t\t\t\t\t\t\t\t<figure class=\"wp-caption\">\n\t\t\t\t\t\t\t\t\t\t<img decoding=\"async\" width=\"800\" height=\"533\" src=\"https:\/\/www.pricetravel.com\/es\/revista\/wp-content\/uploads\/2026\/03\/Eventos-imperdibles-para-celebrar-los-250-anos-de-Estados-Unidos.jpg\" class=\"attachment-large size-large wp-image-5896\" alt=\"Copa Mundial de la FIFA 2026\" srcset=\"https:\/\/www.pricetravel.com\/es\/revista\/wp-content\/uploads\/2026\/03\/Eventos-imperdibles-para-celebrar-los-250-anos-de-Estados-Unidos.jpg 1024w, https:\/\/www.pricetravel.com\/es\/revista\/wp-content\/uploads\/2026\/03\/Eventos-imperdibles-para-celebrar-los-250-anos-de-Estados-Unidos-300x200.jpg 300w, https:\/\/www.pricetravel.com\/es\/revista\/wp-content\/uploads\/2026\/03\/Eventos-imperdibles-para-celebrar-los-250-anos-de-Estados-Unidos-768x512.jpg 768w\" sizes=\"(max-width: 800px) 100vw, 800px\" \/>\t\t\t\t\t\t\t\t\t\t\t<figcaption class=\"widget-image-caption wp-caption-text\">Vive la FIFA World Cup 2026 con partidos y Fan Festival en Philadelphia<\/figcaption>\n\t\t\t\t\t\t\t\t\t\t<\/figure>\n\t\t\t\t\t\t\t\t\t<\/div>\n\t\t\t\t<\/div>\n\t\t\t\t\t<\/div>\n\t\t<\/div>\n\t\t\t\t\t<\/div>\n\t\t<\/section>\n\t\t\t\t<section class=\"elementor-section elementor-top-section elementor-element elementor-element-50f28cb elementor-section-boxed elementor-section-height-default elementor-section-height-default\" data-id=\"50f28cb\" data-element_type=\"section\">\n\t\t\t\t\t\t<div class=\"elementor-container elementor-column-gap-default\">\n\t\t\t\t\t<div class=\"elementor-column elementor-col-100 elementor-top-column elementor-element elementor-element-05876a5\" data-id=\"05876a5\" data-element_type=\"column\">\n\t\t\t<div class=\"elementor-widget-wrap elementor-element-populated\">\n\t\t\t\t\t\t<div class=\"elementor-element elementor-element-0dbd142 elementor-align-center elementor-widget elementor-widget-button\" data-id=\"0dbd142\" data-element_type=\"widget\" data-widget_type=\"button.default\">\n\t\t\t\t<div class=\"elementor-widget-container\">\n\t\t\t\t\t\t\t\t\t<div class=\"elementor-button-wrapper\">\n\t\t\t\t\t<a class=\"elementor-button elementor-button-link elementor-size-sm\" href=\"https:\/\/www.pricetravel.com\/es\/ofertas-de-viajes\/football-2026-estados-unidos\" target=\"_blank\">\n\t\t\t\t\t\t<span class=\"elementor-button-content-wrapper\">\n\t\t\t\t\t\t\t\t\t<span class=\"elementor-button-text\">Clic aqu\u00ed para explorar ofertas en las fechas de los partidos<\/span>\n\t\t\t\t\t<\/span>\n\t\t\t\t\t<\/a>\n\t\t\t\t<\/div>\n\t\t\t\t\t\t\t\t<\/div>\n\t\t\t\t<\/div>\n\t\t\t\t\t<\/div>\n\t\t<\/div>\n\t\t\t\t\t<\/div>\n\t\t<\/section>\n\t\t\t\t<section class=\"elementor-section elementor-top-section elementor-element elementor-element-dba8d6f elementor-section-boxed elementor-section-height-default elementor-section-height-default\" data-id=\"dba8d6f\" data-element_type=\"section\">\n\t\t\t\t\t\t<div class=\"elementor-container elementor-column-gap-default\">\n\t\t\t\t\t<div class=\"elementor-column elementor-col-100 elementor-top-column elementor-element elementor-element-0fd279d\" data-id=\"0fd279d\" data-element_type=\"column\">\n\t\t\t<div class=\"elementor-widget-wrap elementor-element-populated\">\n\t\t\t\t\t\t<div class=\"elementor-element elementor-element-5057b84 elementor-widget elementor-widget-text-editor\" data-id=\"5057b84\" data-element_type=\"widget\" data-widget_type=\"text-editor.default\">\n\t\t\t\t<div class=\"elementor-widget-container\">\n\t\t\t\t\t\t\t\t\t<p>Pero si lo tuyo son las <strong>Grandes Ligas de B\u00e9isbol<\/strong>, como parte de los festejos del <strong>250\u00b0 aniversario de la naci\u00f3n<\/strong>, el <strong>Juego de las Estrellas de la MLB<\/strong> se celebrar\u00e1 en el Citizens Bank Park, casa de los Philadelphia Phillies.<\/p>\t\t\t\t\t\t\t\t<\/div>\n\t\t\t\t<\/div>\n\t\t\t\t\t<\/div>\n\t\t<\/div>\n\t\t\t\t\t<\/div>\n\t\t<\/section>\n\t\t\t\t<section class=\"elementor-section elementor-top-section elementor-element elementor-element-436c967 elementor-section-boxed elementor-section-height-default elementor-section-height-default\" data-id=\"436c967\" data-element_type=\"section\">\n\t\t\t\t\t\t<div class=\"elementor-container elementor-column-gap-default\">\n\t\t\t\t\t<div class=\"elementor-column elementor-col-100 elementor-top-column elementor-element elementor-element-5441b3b\" data-id=\"5441b3b\" data-element_type=\"column\">\n\t\t\t<div class=\"elementor-widget-wrap elementor-element-populated\">\n\t\t\t\t\t\t<div class=\"elementor-element elementor-element-a26a02e elementor-widget elementor-widget-heading\" data-id=\"a26a02e\" data-element_type=\"widget\" data-widget_type=\"heading.default\">\n\t\t\t\t<div class=\"elementor-widget-container\">\n\t\t\t\t\t<h2 class=\"elementor-heading-title elementor-size-default\">Red, White, &amp; Blue To-Do<\/h2>\t\t\t\t<\/div>\n\t\t\t\t<\/div>\n\t\t\t\t\t<\/div>\n\t\t<\/div>\n\t\t\t\t\t<\/div>\n\t\t<\/section>\n\t\t\t\t<section class=\"elementor-section elementor-top-section elementor-element elementor-element-e9635ca elementor-section-boxed elementor-section-height-default elementor-section-height-default\" data-id=\"e9635ca\" data-element_type=\"section\">\n\t\t\t\t\t\t<div class=\"elementor-container elementor-column-gap-default\">\n\t\t\t\t\t<div class=\"elementor-column elementor-col-100 elementor-top-column elementor-element elementor-element-4a6b072\" data-id=\"4a6b072\" data-element_type=\"column\">\n\t\t\t<div class=\"elementor-widget-wrap elementor-element-populated\">\n\t\t\t\t\t\t<div class=\"elementor-element elementor-element-c8b5103 elementor-widget elementor-widget-text-editor\" data-id=\"c8b5103\" data-element_type=\"widget\" data-widget_type=\"text-editor.default\">\n\t\t\t\t<div class=\"elementor-widget-container\">\n\t\t\t\t\t\t\t\t\t<p>Un evento patri\u00f3tico por excelencia en la ciudad es el Red, White &amp; Blue To-Do, que se celebra cada a\u00f1o en el Distrito Hist\u00f3rico.<\/p><p>Del 2 al 4 de julio, en el \u00e1rea conocida como \u201cAmerica\u2019s most historic square mile\u201d se lleva a cabo un desfile <strong>Pomp &amp; Parade<\/strong>, con peque\u00f1os carros aleg\u00f3ricos, comparsas juveniles, conciertos gratuitos, horarios extendidos para visitar las atracciones hist\u00f3ricas, adem\u00e1s de la oportunidad de conocer los restaurantes de la zona. Esta celebraci\u00f3n ofrece un ambiente festivo que mezcla historia, cultura y entretenimiento.<\/p>\t\t\t\t\t\t\t\t<\/div>\n\t\t\t\t<\/div>\n\t\t\t\t<div class=\"elementor-element elementor-element-ea3049a elementor-widget elementor-widget-image\" data-id=\"ea3049a\" data-element_type=\"widget\" data-widget_type=\"image.default\">\n\t\t\t\t<div class=\"elementor-widget-container\">\n\t\t\t\t\t\t\t\t\t\t\t\t<figure class=\"wp-caption\">\n\t\t\t\t\t\t\t\t\t\t<img decoding=\"async\" width=\"800\" height=\"533\" src=\"https:\/\/www.pricetravel.com\/es\/revista\/wp-content\/uploads\/2026\/03\/Welcome-America_-Salute-to-Service-at-Independence-Hall.jpg\" class=\"attachment-large size-large wp-image-5918\" alt=\"Red, White &amp; Blue To-Do\" srcset=\"https:\/\/www.pricetravel.com\/es\/revista\/wp-content\/uploads\/2026\/03\/Welcome-America_-Salute-to-Service-at-Independence-Hall.jpg 800w, https:\/\/www.pricetravel.com\/es\/revista\/wp-content\/uploads\/2026\/03\/Welcome-America_-Salute-to-Service-at-Independence-Hall-300x200.jpg 300w, https:\/\/www.pricetravel.com\/es\/revista\/wp-content\/uploads\/2026\/03\/Welcome-America_-Salute-to-Service-at-Independence-Hall-768x512.jpg 768w\" sizes=\"(max-width: 800px) 100vw, 800px\" \/>\t\t\t\t\t\t\t\t\t\t\t<figcaption class=\"widget-image-caption wp-caption-text\">Red, White &amp; Blue To-Do<\/figcaption>\n\t\t\t\t\t\t\t\t\t\t<\/figure>\n\t\t\t\t\t\t\t\t\t<\/div>\n\t\t\t\t<\/div>\n\t\t\t\t\t<\/div>\n\t\t<\/div>\n\t\t\t\t\t<\/div>\n\t\t<\/section>\n\t\t\t\t<section class=\"elementor-section elementor-top-section elementor-element elementor-element-be77cc5 elementor-section-boxed elementor-section-height-default elementor-section-height-default\" data-id=\"be77cc5\" data-element_type=\"section\">\n\t\t\t\t\t\t<div class=\"elementor-container elementor-column-gap-default\">\n\t\t\t\t\t<div class=\"elementor-column elementor-col-100 elementor-top-column elementor-element elementor-element-76805bd\" data-id=\"76805bd\" data-element_type=\"column\">\n\t\t\t<div class=\"elementor-widget-wrap elementor-element-populated\">\n\t\t\t\t\t\t<div class=\"elementor-element elementor-element-492cb27 elementor-widget elementor-widget-heading\" data-id=\"492cb27\" data-element_type=\"widget\" data-widget_type=\"heading.default\">\n\t\t\t\t<div class=\"elementor-widget-container\">\n\t\t\t\t\t<h2 class=\"elementor-heading-title elementor-size-default\">Philadelphia Juneteenth Parade &amp; Festival<\/h2>\t\t\t\t<\/div>\n\t\t\t\t<\/div>\n\t\t\t\t\t<\/div>\n\t\t<\/div>\n\t\t\t\t\t<\/div>\n\t\t<\/section>\n\t\t\t\t<section class=\"elementor-section elementor-top-section elementor-element elementor-element-f214f27 elementor-section-boxed elementor-section-height-default elementor-section-height-default\" data-id=\"f214f27\" data-element_type=\"section\">\n\t\t\t\t\t\t<div class=\"elementor-container elementor-column-gap-default\">\n\t\t\t\t\t<div class=\"elementor-column elementor-col-100 elementor-top-column elementor-element elementor-element-64e1e55\" data-id=\"64e1e55\" data-element_type=\"column\">\n\t\t\t<div class=\"elementor-widget-wrap elementor-element-populated\">\n\t\t\t\t\t\t<div class=\"elementor-element elementor-element-8a4fece elementor-widget elementor-widget-text-editor\" data-id=\"8a4fece\" data-element_type=\"widget\" data-widget_type=\"text-editor.default\">\n\t\t\t\t<div class=\"elementor-widget-container\">\n\t\t\t\t\t\t\t\t\t<p>Cada 19 de junio, el Juneteenth conmemora el fin de la esclavitud en Estados Unidos, En Philadelphia, esta celebraci\u00f3n de la libertad y de la cultura afroamericana se vive con particular entusiasmo. No te pierdas este evento que incluye m\u00fasica, gastronom\u00eda, desfiles y actividades culturales que reflejan la diversidad, la historia y la herencia de la ciudad.<\/p>\t\t\t\t\t\t\t\t<\/div>\n\t\t\t\t<\/div>\n\t\t\t\t<div class=\"elementor-element elementor-element-a59df43 elementor-widget elementor-widget-image\" data-id=\"a59df43\" data-element_type=\"widget\" data-widget_type=\"image.default\">\n\t\t\t\t<div class=\"elementor-widget-container\">\n\t\t\t\t\t\t\t\t\t\t\t\t<figure class=\"wp-caption\">\n\t\t\t\t\t\t\t\t\t\t<img loading=\"lazy\" decoding=\"async\" width=\"800\" height=\"533\" src=\"https:\/\/www.pricetravel.com\/es\/revista\/wp-content\/uploads\/2026\/03\/Juneteenth-Block-Party-at-African-American-Museum-6.jpg\" class=\"attachment-large size-large wp-image-5917\" alt=\"eventos imperdibles para celebrar los 250 a\u00f1os de Estados Unidos\" srcset=\"https:\/\/www.pricetravel.com\/es\/revista\/wp-content\/uploads\/2026\/03\/Juneteenth-Block-Party-at-African-American-Museum-6.jpg 800w, https:\/\/www.pricetravel.com\/es\/revista\/wp-content\/uploads\/2026\/03\/Juneteenth-Block-Party-at-African-American-Museum-6-300x200.jpg 300w, https:\/\/www.pricetravel.com\/es\/revista\/wp-content\/uploads\/2026\/03\/Juneteenth-Block-Party-at-African-American-Museum-6-768x512.jpg 768w\" sizes=\"(max-width: 800px) 100vw, 800px\" \/>\t\t\t\t\t\t\t\t\t\t\t<figcaption class=\"widget-image-caption wp-caption-text\">Philadelphia celebrar\u00e1 el 250 aniversario de la firma de la Declaraci\u00f3n de Independencia de Estados Unidos<\/figcaption>\n\t\t\t\t\t\t\t\t\t\t<\/figure>\n\t\t\t\t\t\t\t\t\t<\/div>\n\t\t\t\t<\/div>\n\t\t\t\t\t<\/div>\n\t\t<\/div>\n\t\t\t\t\t<\/div>\n\t\t<\/section>\n\t\t\t\t<section class=\"elementor-section elementor-top-section elementor-element elementor-element-a53abdf elementor-section-boxed elementor-section-height-default elementor-section-height-default\" data-id=\"a53abdf\" data-element_type=\"section\">\n\t\t\t\t\t\t<div class=\"elementor-container elementor-column-gap-default\">\n\t\t\t\t\t<div class=\"elementor-column elementor-col-100 elementor-top-column elementor-element elementor-element-6d9f255\" data-id=\"6d9f255\" data-element_type=\"column\">\n\t\t\t<div class=\"elementor-widget-wrap elementor-element-populated\">\n\t\t\t\t\t\t<div class=\"elementor-element elementor-element-910d26d elementor-widget elementor-widget-text-editor\" data-id=\"910d26d\" data-element_type=\"widget\" data-widget_type=\"text-editor.default\">\n\t\t\t\t<div class=\"elementor-widget-container\">\n\t\t\t\t\t\t\t\t\t<p>Esta agenda es una peque\u00f1a muestra del ambiente festivo que impera en Philadelphia en este a\u00f1o hist\u00f3rico de celebraciones patri\u00f3ticas, eventos deportivos de talla internacional y festivales culturales. Tu pr\u00f3ximo viaje a Philadelphia en 2026 promete estar lleno de <a href=\"https:\/\/experiencias.pricetravel.com\/filadelfia\/tours\" target=\"_blank\" rel=\"noopener\">experiencias memorables<\/a>. \u00a1S\u00e9 parte de los festejos!<\/p>\t\t\t\t\t\t\t\t<\/div>\n\t\t\t\t<\/div>\n\t\t\t\t\t<\/div>\n\t\t<\/div>\n\t\t\t\t\t<\/div>\n\t\t<\/section>\n\t\t\t\t<section class=\"elementor-section elementor-top-section elementor-element elementor-element-1486231 elementor-section-boxed elementor-section-height-default elementor-section-height-default\" data-id=\"1486231\" data-element_type=\"section\">\n\t\t\t\t\t\t<div class=\"elementor-container elementor-column-gap-default\">\n\t\t\t\t\t<div class=\"elementor-column elementor-col-100 elementor-top-column elementor-element elementor-element-c41f6f2\" data-id=\"c41f6f2\" data-element_type=\"column\">\n\t\t\t<div class=\"elementor-widget-wrap elementor-element-populated\">\n\t\t\t\t\t\t<div class=\"elementor-element elementor-element-90b8bfb uael-faq-box-layout-yes align-at-left elementor-widget elementor-widget-uael-faq\" data-id=\"90b8bfb\" data-element_type=\"widget\" data-widget_type=\"uael-faq.default\">\n\t\t\t\t<div class=\"elementor-widget-container\">\n\t\t\t\t\t\n\t\t\t<div id='uael-faq-wrapper-151' class=\"uael-faq-wrapper\">\n\t\t\t\t<div class=\"uael-faq-container uael-faq-layout-accordion\" data-layout=\"toggle\" >\n\t\t\t\t\t\t\t\t\t\t\t\t<div id=\"uael-accordion-bbd6b24\" class=\"uael-faq-accordion\" role=\"tablist\">\n\t\t\t\t\t\t\t\t<div class= \"uael-accordion-title\" aria-expanded=\"false\" role=\"tab\">\n\t\t\t\t\t\t\t\t\t<span class=\"uael-accordion-icon uael-accordion-icon-left\">\n\t\t\t\t\t\t\t\t\t\t<span class=\"uael-accordion-icon-closed\"><i class=\"fas fa-angle-right\"><\/i><\/span>\n\t\t\t\t\t\t\t\t\t\t<span class=\"uael-accordion-icon-opened\"><i class=\"fas fa-angle-up\"><\/i><\/span>\n\t\t\t\t\t\t\t\t\t<\/span>\n\t\t\t\t\t\t\t\t\t<span class=\"uael-question-bbd6b24 uael-question-span\" tabindex=\"0\" id=\"uael-faq-1-69f70fb3961ce\">\u00bfPor qu\u00e9 Philadelphia ser\u00e1 un destino especial para visitar en 2026?<\/span>\n\t\t\t\t\t\t\t\t<\/div>\n\t\t\t\t\t\t\t\t<div class=\"uael-accordion-content\" role=\"tabpanel\">\n\t\t\t\t\t\t\t\t\t<span>\n\t\t\t\t\t\t\t\t\t<span><p>En 2026, Philadelphia celebrar\u00e1 el <strong data-start=\"358\" data-end=\"442\">250 aniversario de la firma de la Declaraci\u00f3n de Independencia de Estados Unidos<\/strong>, con una agenda llena de eventos culturales, festivales, celebraciones patri\u00f3ticas y grandes eventos deportivos que atraer\u00e1n a visitantes de todo el mundo.<\/p><\/span>\t\t\t\t\t\t\t\t\t<\/span>\n\t\t\t\t\t\t\t\t<\/div>\n\t\t\t\t\t\t\t<\/div>\n\t\t\t\t\t\t\t\t\t\t\t\t\t\t<div id=\"uael-accordion-496a5ab\" class=\"uael-faq-accordion\" role=\"tablist\">\n\t\t\t\t\t\t\t\t<div class= \"uael-accordion-title\" aria-expanded=\"false\" role=\"tab\">\n\t\t\t\t\t\t\t\t\t<span class=\"uael-accordion-icon uael-accordion-icon-left\">\n\t\t\t\t\t\t\t\t\t\t<span class=\"uael-accordion-icon-closed\"><i class=\"fas fa-angle-right\"><\/i><\/span>\n\t\t\t\t\t\t\t\t\t\t<span class=\"uael-accordion-icon-opened\"><i class=\"fas fa-angle-up\"><\/i><\/span>\n\t\t\t\t\t\t\t\t\t<\/span>\n\t\t\t\t\t\t\t\t\t<span class=\"uael-question-496a5ab uael-question-span\" tabindex=\"0\" id=\"uael-faq-2-69f70fb396219\">\u00bfQu\u00e9 eventos importantes se celebrar\u00e1n en Philadelphia en 2026?<\/span>\n\t\t\t\t\t\t\t\t<\/div>\n\t\t\t\t\t\t\t\t<div class=\"uael-accordion-content\" role=\"tabpanel\">\n\t\t\t\t\t\t\t\t\t<span>\n\t\t\t\t\t\t\t\t\t<span><p>Entre los eventos m\u00e1s destacados se encuentran las celebraciones del Independence Day, el festival Red, White &amp; Blue To-Do, el Philadelphia Juneteenth Parade &amp; Festival y partidos de la FIFA World Cup 2026, adem\u00e1s del MLB All-Star Game.<\/p><\/span>\t\t\t\t\t\t\t\t\t<\/span>\n\t\t\t\t\t\t\t\t<\/div>\n\t\t\t\t\t\t\t<\/div>\n\t\t\t\t\t\t\t\t\t\t\t\t\t\t<div id=\"uael-accordion-d49f988\" class=\"uael-faq-accordion\" role=\"tablist\">\n\t\t\t\t\t\t\t\t<div class= \"uael-accordion-title\" aria-expanded=\"false\" role=\"tab\">\n\t\t\t\t\t\t\t\t\t<span class=\"uael-accordion-icon uael-accordion-icon-left\">\n\t\t\t\t\t\t\t\t\t\t<span class=\"uael-accordion-icon-closed\"><i class=\"fas fa-angle-right\"><\/i><\/span>\n\t\t\t\t\t\t\t\t\t\t<span class=\"uael-accordion-icon-opened\"><i class=\"fas fa-angle-up\"><\/i><\/span>\n\t\t\t\t\t\t\t\t\t<\/span>\n\t\t\t\t\t\t\t\t\t<span class=\"uael-question-d49f988 uael-question-span\" tabindex=\"0\" id=\"uael-faq-3-69f70fb396245\">\u00bfCu\u00e1l es la mejor \u00e9poca para viajar a Philadelphia en 2026?<\/span>\n\t\t\t\t\t\t\t\t<\/div>\n\t\t\t\t\t\t\t\t<div class=\"uael-accordion-content\" role=\"tabpanel\">\n\t\t\t\t\t\t\t\t\t<span>\n\t\t\t\t\t\t\t\t\t<span><p>El verano ser\u00e1 una de las temporadas m\u00e1s emocionantes para visitar la ciudad, especialmente alrededor del 4 de julio, cuando se celebran los eventos m\u00e1s importantes del aniversario. Sin embargo, durante todo el a\u00f1o habr\u00e1 festivales, exposiciones y actividades especiales relacionadas con las celebraciones del 250 aniversario.<\/p><\/span>\t\t\t\t\t\t\t\t\t<\/span>\n\t\t\t\t\t\t\t\t<\/div>\n\t\t\t\t\t\t\t<\/div>\n\t\t\t\t\t\t\t\t\t\t\t\t\t\t<div id=\"uael-accordion-dc1d019\" class=\"uael-faq-accordion\" role=\"tablist\">\n\t\t\t\t\t\t\t\t<div class= \"uael-accordion-title\" aria-expanded=\"false\" role=\"tab\">\n\t\t\t\t\t\t\t\t\t<span class=\"uael-accordion-icon uael-accordion-icon-left\">\n\t\t\t\t\t\t\t\t\t\t<span class=\"uael-accordion-icon-closed\"><i class=\"fas fa-angle-right\"><\/i><\/span>\n\t\t\t\t\t\t\t\t\t\t<span class=\"uael-accordion-icon-opened\"><i class=\"fas fa-angle-up\"><\/i><\/span>\n\t\t\t\t\t\t\t\t\t<\/span>\n\t\t\t\t\t\t\t\t\t<span class=\"uael-question-dc1d019 uael-question-span\" tabindex=\"0\" id=\"uael-faq-4-69f70fb39626c\">\u00bfQu\u00e9 lugares hist\u00f3ricos visitar en Philadelphia durante las celebraciones de 2026?<\/span>\n\t\t\t\t\t\t\t\t<\/div>\n\t\t\t\t\t\t\t\t<div class=\"uael-accordion-content\" role=\"tabpanel\">\n\t\t\t\t\t\t\t\t\t<span>\n\t\t\t\t\t\t\t\t\t<span><p>Philadelphia alberga algunos de los sitios hist\u00f3ricos m\u00e1s importantes de Estados Unidos. Entre los imperdibles se encuentran <strong data-start=\"399\" data-end=\"440\"><span class=\"hover:entity-accent entity-underline inline cursor-pointer align-baseline\"><span class=\"whitespace-normal\">Independence Hall<\/span><\/span><\/strong>, donde se firm\u00f3 la Declaraci\u00f3n de Independencia, la <strong data-start=\"493\" data-end=\"534\"><span class=\"hover:entity-accent entity-underline inline cursor-pointer align-baseline\"><span class=\"whitespace-normal\">Liberty Bell<\/span><\/span><\/strong>, uno de los s\u00edmbolos m\u00e1s reconocidos de la libertad estadounidense, y el <strong data-start=\"608\" data-end=\"649\"><span class=\"hover:entity-accent entity-underline inline cursor-pointer align-baseline\"><span class=\"whitespace-normal\">National Constitution Center<\/span><\/span><\/strong>, que ofrece exposiciones interactivas sobre la historia y los valores del pa\u00eds. Durante 2026, muchos de estos lugares tendr\u00e1n programas y actividades especiales por el 250 aniversario.<\/p><\/span>\t\t\t\t\t\t\t\t\t<\/span>\n\t\t\t\t\t\t\t\t<\/div>\n\t\t\t\t\t\t\t<\/div>\n\t\t\t\t\t\t\t\t\t\t\t<\/div>\n\t\t\t<\/div>\n\t\t\t\t\t\t\t<\/div>\n\t\t\t\t<\/div>\n\t\t\t\t\t<\/div>\n\t\t<\/div>\n\t\t\t\t\t<\/div>\n\t\t<\/section>\n\t\t\t\t<section class=\"elementor-section elementor-top-section elementor-element elementor-element-a43a01d elementor-section-boxed elementor-section-height-default elementor-section-height-default\" data-id=\"a43a01d\" data-element_type=\"section\">\n\t\t\t\t\t\t<div class=\"elementor-container elementor-column-gap-default\">\n\t\t\t\t\t<div class=\"elementor-column elementor-col-100 elementor-top-column elementor-element elementor-element-518fc1b\" data-id=\"518fc1b\" data-element_type=\"column\">\n\t\t\t<div class=\"elementor-widget-wrap elementor-element-populated\">\n\t\t\t\t\t\t<div class=\"elementor-element elementor-element-8e7996f elementor-widget elementor-widget-image\" data-id=\"8e7996f\" data-element_type=\"widget\" data-widget_type=\"image.default\">\n\t\t\t\t<div class=\"elementor-widget-container\">\n\t\t\t\t\t\t\t\t\t\t\t\t\t\t\t<img loading=\"lazy\" decoding=\"async\" width=\"604\" height=\"180\" src=\"https:\/\/www.pricetravel.com\/es\/revista\/wp-content\/uploads\/2026\/03\/Philadelphia-2026.png\" class=\"attachment-large size-large wp-image-5898\" alt=\"\" srcset=\"https:\/\/www.pricetravel.com\/es\/revista\/wp-content\/uploads\/2026\/03\/Philadelphia-2026.png 604w, https:\/\/www.pricetravel.com\/es\/revista\/wp-content\/uploads\/2026\/03\/Philadelphia-2026-300x89.png 300w\" sizes=\"(max-width: 604px) 100vw, 604px\" \/>\t\t\t\t\t\t\t\t\t\t\t\t\t\t\t<\/div>\n\t\t\t\t<\/div>\n\t\t\t\t\t<\/div>\n\t\t<\/div>\n\t\t\t\t\t<\/div>\n\t\t<\/section>\n\t\t\t\t<section class=\"elementor-section elementor-top-section elementor-element elementor-element-511082f elementor-section-boxed elementor-section-height-default elementor-section-height-default\" data-id=\"511082f\" data-element_type=\"section\">\n\t\t\t\t\t\t<div class=\"elementor-container elementor-column-gap-default\">\n\t\t\t\t\t<div class=\"elementor-column elementor-col-100 elementor-top-column elementor-element elementor-element-b5fb658\" data-id=\"b5fb658\" data-element_type=\"column\">\n\t\t\t<div class=\"elementor-widget-wrap\">\n\t\t\t\t\t\t\t<\/div>\n\t\t<\/div>\n\t\t\t\t\t<\/div>\n\t\t<\/section>\n\t\t\t\t<section class=\"elementor-section elementor-top-section elementor-element elementor-element-a106bda elementor-section-boxed elementor-section-height-default elementor-section-height-default\" data-id=\"a106bda\" data-element_type=\"section\">\n\t\t\t\t\t\t<div class=\"elementor-container elementor-column-gap-default\">\n\t\t\t\t\t<div class=\"elementor-column elementor-col-100 elementor-top-column elementor-element elementor-element-c27acb8\" data-id=\"c27acb8\" data-element_type=\"column\">\n\t\t\t<div class=\"elementor-widget-wrap\">\n\t\t\t\t\t\t\t<\/div>\n\t\t<\/div>\n\t\t\t\t\t<\/div>\n\t\t<\/section>\n\t\t\t\t<\/div>\n\t\t","protected":false},"excerpt":{"rendered":"<p>Philadelphia es cuna de la historia de Estados Unidos y este 2026 celebrar\u00e1 en grande el 250 aniversario de la firma de la Declaraci\u00f3n de Independencia, con una agenda que incluye festivales culturales, eventos deportivos internacionales y actividades para toda la familia. 4 de julio Si el Independence Day siempre es una fiesta en todo [&hellip;]<\/p>\n","protected":false},"author":5,"featured_media":5916,"comment_status":"open","ping_status":"open","sticky":false,"template":"","format":"standard","meta":{"footnotes":""},"categories":[183,15],"tags":[540,543,539,541,542],"class_list":["post-5894","post","type-post","status-publish","format-standard","has-post-thumbnail","hentry","category-lugares-turisticos-de-estados-unidos","category-viajes","tag-250-anos-de-estados-unidos","tag-mundial-2026-en-estados-unidos","tag-philadelphia-2026","tag-philadelphia-2026-eventos","tag-que-hacer-en-philadelphia-2026"],"yoast_head":"<!-- This site is optimized with the Yoast SEO plugin v27.5 - https:\/\/yoast.com\/product\/yoast-seo-wordpress\/ -->\n<title>Philadelphia 2026: eventos imperdibles para celebrar los 250 a\u00f1os de Estados Unidos - Revista PriceTravel<\/title>\n<meta name=\"description\" content=\"Philadelphia te invita a disfrutar de celebraciones hist\u00f3ricas, culturales y deportivas para celebrar los 250 a\u00f1os de Estados Unidos.\" \/>\n<meta name=\"robots\" content=\"index, follow, max-snippet:-1, max-image-preview:large, max-video-preview:-1\" \/>\n<link rel=\"canonical\" href=\"https:\/\/www.pricetravel.com\/es\/revista\/philadelphia-2026-eventos-imperdibles-para-celebrar-los-250-anos-de-estados-unidos\/\" \/>\n<meta property=\"og:locale\" content=\"en_US\" \/>\n<meta property=\"og:type\" content=\"article\" \/>\n<meta property=\"og:title\" content=\"Philadelphia 2026: eventos imperdibles para celebrar los 250 a\u00f1os de Estados Unidos - Revista PriceTravel\" \/>\n<meta property=\"og:description\" content=\"Philadelphia te invita a disfrutar de celebraciones hist\u00f3ricas, culturales y deportivas para celebrar los 250 a\u00f1os de Estados Unidos.\" \/>\n<meta property=\"og:url\" content=\"https:\/\/www.pricetravel.com\/es\/revista\/philadelphia-2026-eventos-imperdibles-para-celebrar-los-250-anos-de-estados-unidos\/\" \/>\n<meta property=\"og:site_name\" content=\"Revista PriceTravel\" \/>\n<meta property=\"article:publisher\" content=\"https:\/\/www.facebook.com\/PriceTravel\" \/>\n<meta property=\"article:published_time\" content=\"2026-03-17T13:00:00+00:00\" \/>\n<meta property=\"article:modified_time\" content=\"2026-03-18T21:56:08+00:00\" \/>\n<meta property=\"og:image\" content=\"https:\/\/www.pricetravel.com\/es\/revista\/wp-content\/uploads\/2026\/03\/July-4th-Party-on-the-Parkway-Drone.jpg\" \/>\n\t<meta property=\"og:image:width\" content=\"800\" \/>\n\t<meta property=\"og:image:height\" content=\"599\" \/>\n\t<meta property=\"og:image:type\" content=\"image\/jpeg\" \/>\n<meta name=\"author\" content=\"Janice Osorio\" \/>\n<meta name=\"twitter:card\" content=\"summary_large_image\" \/>\n<meta name=\"twitter:creator\" content=\"@PriceTravel\" \/>\n<meta name=\"twitter:site\" content=\"@PriceTravel\" \/>\n<meta name=\"twitter:label1\" content=\"Written by\" \/>\n\t<meta name=\"twitter:data1\" content=\"Janice Osorio\" \/>\n\t<meta name=\"twitter:label2\" content=\"Est. reading time\" \/>\n\t<meta name=\"twitter:data2\" content=\"5 minutes\" \/>\n<script type=\"application\/ld+json\" class=\"yoast-schema-graph\">{\"@context\":\"https:\\\/\\\/schema.org\",\"@graph\":[{\"@type\":\"Article\",\"@id\":\"https:\\\/\\\/www.pricetravel.com\\\/es\\\/revista\\\/philadelphia-2026-eventos-imperdibles-para-celebrar-los-250-anos-de-estados-unidos\\\/#article\",\"isPartOf\":{\"@id\":\"https:\\\/\\\/www.pricetravel.com\\\/es\\\/revista\\\/philadelphia-2026-eventos-imperdibles-para-celebrar-los-250-anos-de-estados-unidos\\\/\"},\"author\":{\"name\":\"Janice Osorio\",\"@id\":\"https:\\\/\\\/www.pricetravel.com\\\/es\\\/revista\\\/#\\\/schema\\\/person\\\/6cbc311f7dcf5f7655ce596a86375c0a\"},\"headline\":\"Philadelphia 2026: eventos imperdibles para celebrar los 250 a\u00f1os de Estados Unidos\",\"datePublished\":\"2026-03-17T13:00:00+00:00\",\"dateModified\":\"2026-03-18T21:56:08+00:00\",\"mainEntityOfPage\":{\"@id\":\"https:\\\/\\\/www.pricetravel.com\\\/es\\\/revista\\\/philadelphia-2026-eventos-imperdibles-para-celebrar-los-250-anos-de-estados-unidos\\\/\"},\"wordCount\":772,\"commentCount\":0,\"publisher\":{\"@id\":\"https:\\\/\\\/www.pricetravel.com\\\/es\\\/revista\\\/#organization\"},\"image\":{\"@id\":\"https:\\\/\\\/www.pricetravel.com\\\/es\\\/revista\\\/philadelphia-2026-eventos-imperdibles-para-celebrar-los-250-anos-de-estados-unidos\\\/#primaryimage\"},\"thumbnailUrl\":\"https:\\\/\\\/www.pricetravel.com\\\/es\\\/revista\\\/wp-content\\\/uploads\\\/2026\\\/03\\\/July-4th-Party-on-the-Parkway-Drone.jpg\",\"keywords\":[\"250 a\u00f1os de Estados Unidos\",\"Mundial 2026 en Estados Unidos\",\"Philadelphia 2026\",\"Philadelphia 2026 eventos\",\"Qu\u00e9 hacer en Philadelphia 2026\"],\"articleSection\":[\"Lugares Tur\u00edsticos de Estados Unidos\",\"Viajes\"],\"inLanguage\":\"en-US\",\"potentialAction\":[{\"@type\":\"CommentAction\",\"name\":\"Comment\",\"target\":[\"https:\\\/\\\/www.pricetravel.com\\\/es\\\/revista\\\/philadelphia-2026-eventos-imperdibles-para-celebrar-los-250-anos-de-estados-unidos\\\/#respond\"]}]},{\"@type\":\"WebPage\",\"@id\":\"https:\\\/\\\/www.pricetravel.com\\\/es\\\/revista\\\/philadelphia-2026-eventos-imperdibles-para-celebrar-los-250-anos-de-estados-unidos\\\/\",\"url\":\"https:\\\/\\\/www.pricetravel.com\\\/es\\\/revista\\\/philadelphia-2026-eventos-imperdibles-para-celebrar-los-250-anos-de-estados-unidos\\\/\",\"name\":\"Philadelphia 2026: eventos imperdibles para celebrar los 250 a\u00f1os de Estados Unidos - Revista PriceTravel\",\"isPartOf\":{\"@id\":\"https:\\\/\\\/www.pricetravel.com\\\/es\\\/revista\\\/#website\"},\"primaryImageOfPage\":{\"@id\":\"https:\\\/\\\/www.pricetravel.com\\\/es\\\/revista\\\/philadelphia-2026-eventos-imperdibles-para-celebrar-los-250-anos-de-estados-unidos\\\/#primaryimage\"},\"image\":{\"@id\":\"https:\\\/\\\/www.pricetravel.com\\\/es\\\/revista\\\/philadelphia-2026-eventos-imperdibles-para-celebrar-los-250-anos-de-estados-unidos\\\/#primaryimage\"},\"thumbnailUrl\":\"https:\\\/\\\/www.pricetravel.com\\\/es\\\/revista\\\/wp-content\\\/uploads\\\/2026\\\/03\\\/July-4th-Party-on-the-Parkway-Drone.jpg\",\"datePublished\":\"2026-03-17T13:00:00+00:00\",\"dateModified\":\"2026-03-18T21:56:08+00:00\",\"description\":\"Philadelphia te invita a disfrutar de celebraciones hist\u00f3ricas, culturales y deportivas para celebrar los 250 a\u00f1os de Estados Unidos.\",\"breadcrumb\":{\"@id\":\"https:\\\/\\\/www.pricetravel.com\\\/es\\\/revista\\\/philadelphia-2026-eventos-imperdibles-para-celebrar-los-250-anos-de-estados-unidos\\\/#breadcrumb\"},\"inLanguage\":\"en-US\",\"potentialAction\":[{\"@type\":\"ReadAction\",\"target\":[\"https:\\\/\\\/www.pricetravel.com\\\/es\\\/revista\\\/philadelphia-2026-eventos-imperdibles-para-celebrar-los-250-anos-de-estados-unidos\\\/\"]}]},{\"@type\":\"ImageObject\",\"inLanguage\":\"en-US\",\"@id\":\"https:\\\/\\\/www.pricetravel.com\\\/es\\\/revista\\\/philadelphia-2026-eventos-imperdibles-para-celebrar-los-250-anos-de-estados-unidos\\\/#primaryimage\",\"url\":\"https:\\\/\\\/www.pricetravel.com\\\/es\\\/revista\\\/wp-content\\\/uploads\\\/2026\\\/03\\\/July-4th-Party-on-the-Parkway-Drone.jpg\",\"contentUrl\":\"https:\\\/\\\/www.pricetravel.com\\\/es\\\/revista\\\/wp-content\\\/uploads\\\/2026\\\/03\\\/July-4th-Party-on-the-Parkway-Drone.jpg\",\"width\":800,\"height\":599,\"caption\":\"Celebra el 4 de julio en la Benjamin Franklin Parkway\"},{\"@type\":\"BreadcrumbList\",\"@id\":\"https:\\\/\\\/www.pricetravel.com\\\/es\\\/revista\\\/philadelphia-2026-eventos-imperdibles-para-celebrar-los-250-anos-de-estados-unidos\\\/#breadcrumb\",\"itemListElement\":[{\"@type\":\"ListItem\",\"position\":1,\"name\":\"Home\",\"item\":\"https:\\\/\\\/www.pricetravel.com\\\/es\\\/revista\\\/\"},{\"@type\":\"ListItem\",\"position\":2,\"name\":\"Philadelphia 2026: eventos imperdibles para celebrar los 250 a\u00f1os de Estados Unidos\"}]},{\"@type\":\"WebSite\",\"@id\":\"https:\\\/\\\/www.pricetravel.com\\\/es\\\/revista\\\/#website\",\"url\":\"https:\\\/\\\/www.pricetravel.com\\\/es\\\/revista\\\/\",\"name\":\"Revista PriceTravel\",\"description\":\"\",\"publisher\":{\"@id\":\"https:\\\/\\\/www.pricetravel.com\\\/es\\\/revista\\\/#organization\"},\"potentialAction\":[{\"@type\":\"SearchAction\",\"target\":{\"@type\":\"EntryPoint\",\"urlTemplate\":\"https:\\\/\\\/www.pricetravel.com\\\/es\\\/revista\\\/?s={search_term_string}\"},\"query-input\":{\"@type\":\"PropertyValueSpecification\",\"valueRequired\":true,\"valueName\":\"search_term_string\"}}],\"inLanguage\":\"en-US\"},{\"@type\":\"Organization\",\"@id\":\"https:\\\/\\\/www.pricetravel.com\\\/es\\\/revista\\\/#organization\",\"name\":\"Revista PriceTravel\",\"url\":\"https:\\\/\\\/www.pricetravel.com\\\/es\\\/revista\\\/\",\"logo\":{\"@type\":\"ImageObject\",\"inLanguage\":\"en-US\",\"@id\":\"https:\\\/\\\/www.pricetravel.com\\\/es\\\/revista\\\/#\\\/schema\\\/logo\\\/image\\\/\",\"url\":\"https:\\\/\\\/www.pricetravel.com\\\/es\\\/revista\\\/wp-content\\\/uploads\\\/2023\\\/04\\\/logo-pricetravel.png\",\"contentUrl\":\"https:\\\/\\\/www.pricetravel.com\\\/es\\\/revista\\\/wp-content\\\/uploads\\\/2023\\\/04\\\/logo-pricetravel.png\",\"width\":543,\"height\":72,\"caption\":\"Revista PriceTravel\"},\"image\":{\"@id\":\"https:\\\/\\\/www.pricetravel.com\\\/es\\\/revista\\\/#\\\/schema\\\/logo\\\/image\\\/\"},\"sameAs\":[\"https:\\\/\\\/www.facebook.com\\\/PriceTravel\",\"https:\\\/\\\/x.com\\\/PriceTravel\",\"https:\\\/\\\/www.instagram.com\\\/pricetravel\\\/\"]},{\"@type\":\"Person\",\"@id\":\"https:\\\/\\\/www.pricetravel.com\\\/es\\\/revista\\\/#\\\/schema\\\/person\\\/6cbc311f7dcf5f7655ce596a86375c0a\",\"name\":\"Janice Osorio\",\"image\":{\"@type\":\"ImageObject\",\"inLanguage\":\"en-US\",\"@id\":\"https:\\\/\\\/secure.gravatar.com\\\/avatar\\\/773d3d34732d29285392bd4b47eb8d6ec5ac59f9c874a3d977008628a862b63c?s=96&d=mm&r=g\",\"url\":\"https:\\\/\\\/secure.gravatar.com\\\/avatar\\\/773d3d34732d29285392bd4b47eb8d6ec5ac59f9c874a3d977008628a862b63c?s=96&d=mm&r=g\",\"contentUrl\":\"https:\\\/\\\/secure.gravatar.com\\\/avatar\\\/773d3d34732d29285392bd4b47eb8d6ec5ac59f9c874a3d977008628a862b63c?s=96&d=mm&r=g\",\"caption\":\"Janice Osorio\"},\"url\":\"https:\\\/\\\/www.pricetravel.com\\\/es\\\/revista\\\/author\\\/janice-osorio\\\/\"}]}<\/script>\n<!-- \/ Yoast SEO plugin. -->","yoast_head_json":{"title":"Philadelphia 2026: eventos imperdibles para celebrar los 250 a\u00f1os de Estados Unidos - Revista PriceTravel","description":"Philadelphia te invita a disfrutar de celebraciones hist\u00f3ricas, culturales y deportivas para celebrar los 250 a\u00f1os de Estados Unidos.","robots":{"index":"index","follow":"follow","max-snippet":"max-snippet:-1","max-image-preview":"max-image-preview:large","max-video-preview":"max-video-preview:-1"},"canonical":"https:\/\/www.pricetravel.com\/es\/revista\/philadelphia-2026-eventos-imperdibles-para-celebrar-los-250-anos-de-estados-unidos\/","og_locale":"en_US","og_type":"article","og_title":"Philadelphia 2026: eventos imperdibles para celebrar los 250 a\u00f1os de Estados Unidos - Revista PriceTravel","og_description":"Philadelphia te invita a disfrutar de celebraciones hist\u00f3ricas, culturales y deportivas para celebrar los 250 a\u00f1os de Estados Unidos.","og_url":"https:\/\/www.pricetravel.com\/es\/revista\/philadelphia-2026-eventos-imperdibles-para-celebrar-los-250-anos-de-estados-unidos\/","og_site_name":"Revista PriceTravel","article_publisher":"https:\/\/www.facebook.com\/PriceTravel","article_published_time":"2026-03-17T13:00:00+00:00","article_modified_time":"2026-03-18T21:56:08+00:00","og_image":[{"width":800,"height":599,"url":"https:\/\/www.pricetravel.com\/es\/revista\/wp-content\/uploads\/2026\/03\/July-4th-Party-on-the-Parkway-Drone.jpg","type":"image\/jpeg"}],"author":"Janice Osorio","twitter_card":"summary_large_image","twitter_creator":"@PriceTravel","twitter_site":"@PriceTravel","twitter_misc":{"Written by":"Janice Osorio","Est. reading time":"5 minutes"},"schema":{"@context":"https:\/\/schema.org","@graph":[{"@type":"Article","@id":"https:\/\/www.pricetravel.com\/es\/revista\/philadelphia-2026-eventos-imperdibles-para-celebrar-los-250-anos-de-estados-unidos\/#article","isPartOf":{"@id":"https:\/\/www.pricetravel.com\/es\/revista\/philadelphia-2026-eventos-imperdibles-para-celebrar-los-250-anos-de-estados-unidos\/"},"author":{"name":"Janice Osorio","@id":"https:\/\/www.pricetravel.com\/es\/revista\/#\/schema\/person\/6cbc311f7dcf5f7655ce596a86375c0a"},"headline":"Philadelphia 2026: eventos imperdibles para celebrar los 250 a\u00f1os de Estados Unidos","datePublished":"2026-03-17T13:00:00+00:00","dateModified":"2026-03-18T21:56:08+00:00","mainEntityOfPage":{"@id":"https:\/\/www.pricetravel.com\/es\/revista\/philadelphia-2026-eventos-imperdibles-para-celebrar-los-250-anos-de-estados-unidos\/"},"wordCount":772,"commentCount":0,"publisher":{"@id":"https:\/\/www.pricetravel.com\/es\/revista\/#organization"},"image":{"@id":"https:\/\/www.pricetravel.com\/es\/revista\/philadelphia-2026-eventos-imperdibles-para-celebrar-los-250-anos-de-estados-unidos\/#primaryimage"},"thumbnailUrl":"https:\/\/www.pricetravel.com\/es\/revista\/wp-content\/uploads\/2026\/03\/July-4th-Party-on-the-Parkway-Drone.jpg","keywords":["250 a\u00f1os de Estados Unidos","Mundial 2026 en Estados Unidos","Philadelphia 2026","Philadelphia 2026 eventos","Qu\u00e9 hacer en Philadelphia 2026"],"articleSection":["Lugares Tur\u00edsticos de Estados Unidos","Viajes"],"inLanguage":"en-US","potentialAction":[{"@type":"CommentAction","name":"Comment","target":["https:\/\/www.pricetravel.com\/es\/revista\/philadelphia-2026-eventos-imperdibles-para-celebrar-los-250-anos-de-estados-unidos\/#respond"]}]},{"@type":"WebPage","@id":"https:\/\/www.pricetravel.com\/es\/revista\/philadelphia-2026-eventos-imperdibles-para-celebrar-los-250-anos-de-estados-unidos\/","url":"https:\/\/www.pricetravel.com\/es\/revista\/philadelphia-2026-eventos-imperdibles-para-celebrar-los-250-anos-de-estados-unidos\/","name":"Philadelphia 2026: eventos imperdibles para celebrar los 250 a\u00f1os de Estados Unidos - Revista PriceTravel","isPartOf":{"@id":"https:\/\/www.pricetravel.com\/es\/revista\/#website"},"primaryImageOfPage":{"@id":"https:\/\/www.pricetravel.com\/es\/revista\/philadelphia-2026-eventos-imperdibles-para-celebrar-los-250-anos-de-estados-unidos\/#primaryimage"},"image":{"@id":"https:\/\/www.pricetravel.com\/es\/revista\/philadelphia-2026-eventos-imperdibles-para-celebrar-los-250-anos-de-estados-unidos\/#primaryimage"},"thumbnailUrl":"https:\/\/www.pricetravel.com\/es\/revista\/wp-content\/uploads\/2026\/03\/July-4th-Party-on-the-Parkway-Drone.jpg","datePublished":"2026-03-17T13:00:00+00:00","dateModified":"2026-03-18T21:56:08+00:00","description":"Philadelphia te invita a disfrutar de celebraciones hist\u00f3ricas, culturales y deportivas para celebrar los 250 a\u00f1os de Estados Unidos.","breadcrumb":{"@id":"https:\/\/www.pricetravel.com\/es\/revista\/philadelphia-2026-eventos-imperdibles-para-celebrar-los-250-anos-de-estados-unidos\/#breadcrumb"},"inLanguage":"en-US","potentialAction":[{"@type":"ReadAction","target":["https:\/\/www.pricetravel.com\/es\/revista\/philadelphia-2026-eventos-imperdibles-para-celebrar-los-250-anos-de-estados-unidos\/"]}]},{"@type":"ImageObject","inLanguage":"en-US","@id":"https:\/\/www.pricetravel.com\/es\/revista\/philadelphia-2026-eventos-imperdibles-para-celebrar-los-250-anos-de-estados-unidos\/#primaryimage","url":"https:\/\/www.pricetravel.com\/es\/revista\/wp-content\/uploads\/2026\/03\/July-4th-Party-on-the-Parkway-Drone.jpg","contentUrl":"https:\/\/www.pricetravel.com\/es\/revista\/wp-content\/uploads\/2026\/03\/July-4th-Party-on-the-Parkway-Drone.jpg","width":800,"height":599,"caption":"Celebra el 4 de julio en la Benjamin Franklin Parkway"},{"@type":"BreadcrumbList","@id":"https:\/\/www.pricetravel.com\/es\/revista\/philadelphia-2026-eventos-imperdibles-para-celebrar-los-250-anos-de-estados-unidos\/#breadcrumb","itemListElement":[{"@type":"ListItem","position":1,"name":"Home","item":"https:\/\/www.pricetravel.com\/es\/revista\/"},{"@type":"ListItem","position":2,"name":"Philadelphia 2026: eventos imperdibles para celebrar los 250 a\u00f1os de Estados Unidos"}]},{"@type":"WebSite","@id":"https:\/\/www.pricetravel.com\/es\/revista\/#website","url":"https:\/\/www.pricetravel.com\/es\/revista\/","name":"Revista PriceTravel","description":"","publisher":{"@id":"https:\/\/www.pricetravel.com\/es\/revista\/#organization"},"potentialAction":[{"@type":"SearchAction","target":{"@type":"EntryPoint","urlTemplate":"https:\/\/www.pricetravel.com\/es\/revista\/?s={search_term_string}"},"query-input":{"@type":"PropertyValueSpecification","valueRequired":true,"valueName":"search_term_string"}}],"inLanguage":"en-US"},{"@type":"Organization","@id":"https:\/\/www.pricetravel.com\/es\/revista\/#organization","name":"Revista PriceTravel","url":"https:\/\/www.pricetravel.com\/es\/revista\/","logo":{"@type":"ImageObject","inLanguage":"en-US","@id":"https:\/\/www.pricetravel.com\/es\/revista\/#\/schema\/logo\/image\/","url":"https:\/\/www.pricetravel.com\/es\/revista\/wp-content\/uploads\/2023\/04\/logo-pricetravel.png","contentUrl":"https:\/\/www.pricetravel.com\/es\/revista\/wp-content\/uploads\/2023\/04\/logo-pricetravel.png","width":543,"height":72,"caption":"Revista PriceTravel"},"image":{"@id":"https:\/\/www.pricetravel.com\/es\/revista\/#\/schema\/logo\/image\/"},"sameAs":["https:\/\/www.facebook.com\/PriceTravel","https:\/\/x.com\/PriceTravel","https:\/\/www.instagram.com\/pricetravel\/"]},{"@type":"Person","@id":"https:\/\/www.pricetravel.com\/es\/revista\/#\/schema\/person\/6cbc311f7dcf5f7655ce596a86375c0a","name":"Janice Osorio","image":{"@type":"ImageObject","inLanguage":"en-US","@id":"https:\/\/secure.gravatar.com\/avatar\/773d3d34732d29285392bd4b47eb8d6ec5ac59f9c874a3d977008628a862b63c?s=96&d=mm&r=g","url":"https:\/\/secure.gravatar.com\/avatar\/773d3d34732d29285392bd4b47eb8d6ec5ac59f9c874a3d977008628a862b63c?s=96&d=mm&r=g","contentUrl":"https:\/\/secure.gravatar.com\/avatar\/773d3d34732d29285392bd4b47eb8d6ec5ac59f9c874a3d977008628a862b63c?s=96&d=mm&r=g","caption":"Janice Osorio"},"url":"https:\/\/www.pricetravel.com\/es\/revista\/author\/janice-osorio\/"}]}},"_links":{"self":[{"href":"https:\/\/www.pricetravel.com\/es\/revista\/wp-json\/wp\/v2\/posts\/5894","targetHints":{"allow":["GET"]}}],"collection":[{"href":"https:\/\/www.pricetravel.com\/es\/revista\/wp-json\/wp\/v2\/posts"}],"about":[{"href":"https:\/\/www.pricetravel.com\/es\/revista\/wp-json\/wp\/v2\/types\/post"}],"author":[{"embeddable":true,"href":"https:\/\/www.pricetravel.com\/es\/revista\/wp-json\/wp\/v2\/users\/5"}],"replies":[{"embeddable":true,"href":"https:\/\/www.pricetravel.com\/es\/revista\/wp-json\/wp\/v2\/comments?post=5894"}],"version-history":[{"count":16,"href":"https:\/\/www.pricetravel.com\/es\/revista\/wp-json\/wp\/v2\/posts\/5894\/revisions"}],"predecessor-version":[{"id":6088,"href":"https:\/\/www.pricetravel.com\/es\/revista\/wp-json\/wp\/v2\/posts\/5894\/revisions\/6088"}],"wp:featuredmedia":[{"embeddable":true,"href":"https:\/\/www.pricetravel.com\/es\/revista\/wp-json\/wp\/v2\/media\/5916"}],"wp:attachment":[{"href":"https:\/\/www.pricetravel.com\/es\/revista\/wp-json\/wp\/v2\/media?parent=5894"}],"wp:term":[{"taxonomy":"category","embeddable":true,"href":"https:\/\/www.pricetravel.com\/es\/revista\/wp-json\/wp\/v2\/categories?post=5894"},{"taxonomy":"post_tag","embeddable":true,"href":"https:\/\/www.pricetravel.com\/es\/revista\/wp-json\/wp\/v2\/tags?post=5894"}],"curies":[{"name":"wp","href":"https:\/\/api.w.org\/{rel}","templated":true}]}}