{"id":5782,"date":"2026-03-10T07:00:00","date_gmt":"2026-03-10T07:00:00","guid":{"rendered":"https:\/\/www.pricetravel.com\/es\/revista\/?p=5782"},"modified":"2026-03-04T23:52:00","modified_gmt":"2026-03-04T23:52:00","slug":"las-brisas-merida-hospitalidad-contemporanea-en-el-corazon-de-yucatan","status":"publish","type":"post","link":"https:\/\/www.pricetravel.com\/es\/revista\/las-brisas-merida-hospitalidad-contemporanea-en-el-corazon-de-yucatan\/","title":{"rendered":"Las Brisas M\u00e9rida: hospitalidad contempor\u00e1nea en el coraz\u00f3n de Yucat\u00e1n"},"content":{"rendered":"\n<p>M\u00e9rida se distingue por su riqueza cultural, su arquitectura hist\u00f3rica y su vibrante escena gastron\u00f3mica. En este contexto nace <strong><a href=\"https:\/\/www.pricetravel.com\/es\/hotel\/las-brisas-merida_a416005?checkin=2026-07-24&amp;checkout=2026-07-26&amp;group_adults=2&amp;no_rooms=1&amp;ctInternal=_A8yhEzJB3oXJPlMrqsEbvFkmPKT6V6v-amS3rR7PPk\" target=\"_blank\" rel=\"noreferrer noopener\">Las Brisas M\u00e9rida<\/a><\/strong>, una nueva expresi\u00f3n de hospitalidad boutique que combina dise\u00f1o moderno, enfoque sustentable y una profunda conexi\u00f3n con el entorno local.<\/p>\n\n\n\n<p>M\u00e1s que un hotel, es un espacio pensado para quienes desean experimentar la ciudad desde una perspectiva aut\u00e9ntica, contempor\u00e1nea y funcional.<\/p>\n\n\n\n<figure class=\"wp-block-image size-large\"><img fetchpriority=\"high\" decoding=\"async\" width=\"1024\" height=\"683\" src=\"https:\/\/www.pricetravel.com\/es\/revista\/wp-content\/uploads\/2026\/03\/3-1-1024x683.jpg\" alt=\"\" class=\"wp-image-5793\" srcset=\"https:\/\/www.pricetravel.com\/es\/revista\/wp-content\/uploads\/2026\/03\/3-1-1024x683.jpg 1024w, https:\/\/www.pricetravel.com\/es\/revista\/wp-content\/uploads\/2026\/03\/3-1-300x200.jpg 300w, https:\/\/www.pricetravel.com\/es\/revista\/wp-content\/uploads\/2026\/03\/3-1-768x512.jpg 768w, https:\/\/www.pricetravel.com\/es\/revista\/wp-content\/uploads\/2026\/03\/3-1-1536x1024.jpg 1536w, https:\/\/www.pricetravel.com\/es\/revista\/wp-content\/uploads\/2026\/03\/3-1-2048x1365.jpg 2048w\" sizes=\"(max-width: 1024px) 100vw, 1024px\" \/><\/figure>\n\n\n\n<h2 class=\"wp-block-heading\"><strong>Ubicaci\u00f3n estrat\u00e9gica para viajeros de negocios y placer<\/strong><\/h2>\n\n\n\n<p>Situado sobre Avenida Col\u00f3n, el hotel goza de una ubicaci\u00f3n privilegiada a pocos minutos de puntos clave como el Aeropuerto Internacional de M\u00e9rida, el Centro Internacional de Congresos de Yucat\u00e1n y el emblem\u00e1tico Paseo de Montejo.<\/p>\n\n\n\n<p>Esta conectividad lo convierte en una opci\u00f3n ideal tanto para ejecutivos que buscan practicidad como para viajeros que desean explorar la ciudad con comodidad.<\/p>\n\n\n\n<figure class=\"wp-block-image size-large\"><img decoding=\"async\" width=\"1024\" height=\"731\" src=\"https:\/\/www.pricetravel.com\/es\/revista\/wp-content\/uploads\/2026\/03\/1-1-1024x731.jpg\" alt=\"\" class=\"wp-image-5796\" srcset=\"https:\/\/www.pricetravel.com\/es\/revista\/wp-content\/uploads\/2026\/03\/1-1-1024x731.jpg 1024w, https:\/\/www.pricetravel.com\/es\/revista\/wp-content\/uploads\/2026\/03\/1-1-300x214.jpg 300w, https:\/\/www.pricetravel.com\/es\/revista\/wp-content\/uploads\/2026\/03\/1-1-768x549.jpg 768w, https:\/\/www.pricetravel.com\/es\/revista\/wp-content\/uploads\/2026\/03\/1-1-1536x1097.jpg 1536w, https:\/\/www.pricetravel.com\/es\/revista\/wp-content\/uploads\/2026\/03\/1-1-2048x1463.jpg 2048w\" sizes=\"(max-width: 1024px) 100vw, 1024px\" \/><\/figure>\n\n\n\n<h2 class=\"wp-block-heading\"><strong>Dise\u00f1o con identidad: homenaje a la cultura maya<\/strong><\/h2>\n\n\n\n<p>El concepto arquitect\u00f3nico del hotel rinde tributo a la herencia maya a trav\u00e9s del \u00e1rbol de la huaya, conocido ancestralmente como Wayam, s\u00edmbolo de energ\u00eda y origen.<\/p>\n\n\n\n<p>Este elemento inspira el dise\u00f1o del proyecto, integrando tradici\u00f3n y modernidad en cada espacio. La experiencia se complementa con gimnasio, patio central, piscina en la terraza y un servicio personalizado que cuida cada detalle de la estancia.<\/p>\n\n\n\n<figure class=\"wp-block-image size-large\"><img decoding=\"async\" width=\"1024\" height=\"683\" src=\"https:\/\/www.pricetravel.com\/es\/revista\/wp-content\/uploads\/2026\/03\/6-1024x683.jpg\" alt=\"\" class=\"wp-image-5798\" srcset=\"https:\/\/www.pricetravel.com\/es\/revista\/wp-content\/uploads\/2026\/03\/6-1024x683.jpg 1024w, https:\/\/www.pricetravel.com\/es\/revista\/wp-content\/uploads\/2026\/03\/6-300x200.jpg 300w, https:\/\/www.pricetravel.com\/es\/revista\/wp-content\/uploads\/2026\/03\/6-768x512.jpg 768w, https:\/\/www.pricetravel.com\/es\/revista\/wp-content\/uploads\/2026\/03\/6-1536x1024.jpg 1536w, https:\/\/www.pricetravel.com\/es\/revista\/wp-content\/uploads\/2026\/03\/6-2048x1365.jpg 2048w\" sizes=\"(max-width: 1024px) 100vw, 1024px\" \/><\/figure>\n\n\n\n<p><strong>Las Brisas M\u00e9rida<\/strong> cuenta con 50 amplias suites, dise\u00f1adas con materiales locales y bajo una visi\u00f3n sustentable, cada una ofrece:<\/p>\n\n\n\n<ul class=\"wp-block-list\">\n<li>Balc\u00f3n privado<\/li>\n\n\n\n<li>Amenidades de \u00faltima generaci\u00f3n<\/li>\n\n\n\n<li>Espacios funcionales para descanso y productividad<\/li>\n<\/ul>\n\n\n\n<figure class=\"wp-block-image size-large\"><img loading=\"lazy\" decoding=\"async\" width=\"1024\" height=\"683\" src=\"https:\/\/www.pricetravel.com\/es\/revista\/wp-content\/uploads\/2026\/03\/Jr.-Suite-Dos-camas-2-1024x683.jpg\" alt=\"\" class=\"wp-image-5799\" srcset=\"https:\/\/www.pricetravel.com\/es\/revista\/wp-content\/uploads\/2026\/03\/Jr.-Suite-Dos-camas-2-1024x683.jpg 1024w, https:\/\/www.pricetravel.com\/es\/revista\/wp-content\/uploads\/2026\/03\/Jr.-Suite-Dos-camas-2-300x200.jpg 300w, https:\/\/www.pricetravel.com\/es\/revista\/wp-content\/uploads\/2026\/03\/Jr.-Suite-Dos-camas-2-768x512.jpg 768w, https:\/\/www.pricetravel.com\/es\/revista\/wp-content\/uploads\/2026\/03\/Jr.-Suite-Dos-camas-2-1536x1024.jpg 1536w, https:\/\/www.pricetravel.com\/es\/revista\/wp-content\/uploads\/2026\/03\/Jr.-Suite-Dos-camas-2-2048x1365.jpg 2048w\" sizes=\"(max-width: 1024px) 100vw, 1024px\" \/><\/figure>\n\n\n\n<p>Uno de los grandes pilares del hotel es su propuesta gastron\u00f3mica pues el la experiencia culinaria al siguiente nivel con platillos y bebidas inspirados en la cultura maya con un toque de modernidad.<\/p>\n\n\n\n<h2 class=\"wp-block-heading\"><strong>\u00c9cume: cocina de autor con identidad local<\/strong><\/h2>\n\n\n\n<p>El restaurante \u00c9cume ofrece desayunos, comidas y cenas en un ambiente arm\u00f3nico que invita a disfrutar sin prisas. La propuesta est\u00e1 liderada por el Chef Sylvain Desbois, reconocido por su trayectoria en Nizuc Resort &amp; Spa. Su cocina de autor destaca por el uso de ingredientes locales y una ejecuci\u00f3n sofisticada que convierte cada platillo en una experiencia sensorial.<\/p>\n\n\n\n<figure class=\"wp-block-image size-large\"><img loading=\"lazy\" decoding=\"async\" width=\"1024\" height=\"684\" src=\"https:\/\/www.pricetravel.com\/es\/revista\/wp-content\/uploads\/2026\/03\/Ecume-Terraza-1024x684.jpg\" alt=\"\" class=\"wp-image-5800\" srcset=\"https:\/\/www.pricetravel.com\/es\/revista\/wp-content\/uploads\/2026\/03\/Ecume-Terraza-1024x684.jpg 1024w, https:\/\/www.pricetravel.com\/es\/revista\/wp-content\/uploads\/2026\/03\/Ecume-Terraza-300x200.jpg 300w, https:\/\/www.pricetravel.com\/es\/revista\/wp-content\/uploads\/2026\/03\/Ecume-Terraza-768x513.jpg 768w, https:\/\/www.pricetravel.com\/es\/revista\/wp-content\/uploads\/2026\/03\/Ecume-Terraza-1536x1025.jpg 1536w, https:\/\/www.pricetravel.com\/es\/revista\/wp-content\/uploads\/2026\/03\/Ecume-Terraza-2048x1367.jpg 2048w\" sizes=\"(max-width: 1024px) 100vw, 1024px\" \/><\/figure>\n\n\n\n<h2 class=\"wp-block-heading\"><strong>Roof 508: cocteler\u00eda y momentos memorables<\/strong><\/h2>\n\n\n\n<p>Para quienes buscan relajarse o socializar, el Roof 508 ofrece una propuesta de cocteler\u00eda y bebidas en un entorno fresco y relajado, ideal para encuentros sociales o momentos de desconexi\u00f3n al atardecer.<\/p>\n\n\n\n<figure class=\"wp-block-image size-large\"><img loading=\"lazy\" decoding=\"async\" width=\"1024\" height=\"683\" src=\"https:\/\/www.pricetravel.com\/es\/revista\/wp-content\/uploads\/2026\/03\/Pool-Bar-Marinera-4-1024x683.jpg\" alt=\"\" class=\"wp-image-5801\" srcset=\"https:\/\/www.pricetravel.com\/es\/revista\/wp-content\/uploads\/2026\/03\/Pool-Bar-Marinera-4-1024x683.jpg 1024w, https:\/\/www.pricetravel.com\/es\/revista\/wp-content\/uploads\/2026\/03\/Pool-Bar-Marinera-4-300x200.jpg 300w, https:\/\/www.pricetravel.com\/es\/revista\/wp-content\/uploads\/2026\/03\/Pool-Bar-Marinera-4-768x512.jpg 768w, https:\/\/www.pricetravel.com\/es\/revista\/wp-content\/uploads\/2026\/03\/Pool-Bar-Marinera-4-1536x1024.jpg 1536w, https:\/\/www.pricetravel.com\/es\/revista\/wp-content\/uploads\/2026\/03\/Pool-Bar-Marinera-4-2048x1365.jpg 2048w\" sizes=\"(max-width: 1024px) 100vw, 1024px\" \/><\/figure>\n\n\n\n<h2 class=\"wp-block-heading\"><strong>Espacios vers\u00e1tiles para eventos memorables<\/strong><\/h2>\n\n\n\n<p><strong>Las Brisas M\u00e9rida<\/strong> tambi\u00e9n se posiciona como una excelente sede para eventos corporativos y celebraciones especiales. Sus espacios adaptables como el Sal\u00f3n Celest\u00fan y la sala de juntas La Casona permiten albergar con un equipo especializado en planeaci\u00f3n y servicio:<\/p>\n\n\n\n<ul class=\"wp-block-list\">\n<li>Reuniones ejecutivas<\/li>\n\n\n\n<li>Eventos sociales<\/li>\n\n\n\n<li>Bodas<\/li>\n<\/ul>\n\n\n\n<figure class=\"wp-block-image size-large\"><img loading=\"lazy\" decoding=\"async\" width=\"1024\" height=\"683\" src=\"https:\/\/www.pricetravel.com\/es\/revista\/wp-content\/uploads\/2026\/03\/Sala-de-Juntas-Casona-1-1024x683.jpg\" alt=\"\" class=\"wp-image-5802\" srcset=\"https:\/\/www.pricetravel.com\/es\/revista\/wp-content\/uploads\/2026\/03\/Sala-de-Juntas-Casona-1-1024x683.jpg 1024w, https:\/\/www.pricetravel.com\/es\/revista\/wp-content\/uploads\/2026\/03\/Sala-de-Juntas-Casona-1-300x200.jpg 300w, https:\/\/www.pricetravel.com\/es\/revista\/wp-content\/uploads\/2026\/03\/Sala-de-Juntas-Casona-1-768x512.jpg 768w, https:\/\/www.pricetravel.com\/es\/revista\/wp-content\/uploads\/2026\/03\/Sala-de-Juntas-Casona-1-1536x1024.jpg 1536w, https:\/\/www.pricetravel.com\/es\/revista\/wp-content\/uploads\/2026\/03\/Sala-de-Juntas-Casona-1-2048x1365.jpg 2048w\" sizes=\"(max-width: 1024px) 100vw, 1024px\" \/><\/figure>\n\n\n\n<h2 class=\"wp-block-heading\"><strong>Hospitalidad incluyente y estilo de vida actual<\/strong><\/h2>\n\n\n\n<p>Pensando en una experiencia m\u00e1s cercana y personalizada, el hotel es dog friendly, permitiendo que perros peque\u00f1os formen parte del viaje con pol\u00edticas y facilidades dise\u00f1adas para su comodidad. Con una propuesta que integra dise\u00f1o, gastronom\u00eda, funcionalidad y servicio, Las Brisas M\u00e9rida se presenta como un destino que invita a descubrir la ciudad desde una mirada contempor\u00e1nea, alineada con el estilo de vida actual.<\/p>\n\n\n\n<figure class=\"wp-block-image size-large\"><img loading=\"lazy\" decoding=\"async\" width=\"1024\" height=\"683\" src=\"https:\/\/www.pricetravel.com\/es\/revista\/wp-content\/uploads\/2026\/03\/2-1024x683.jpg\" alt=\"\" class=\"wp-image-5803\" srcset=\"https:\/\/www.pricetravel.com\/es\/revista\/wp-content\/uploads\/2026\/03\/2-1024x683.jpg 1024w, https:\/\/www.pricetravel.com\/es\/revista\/wp-content\/uploads\/2026\/03\/2-300x200.jpg 300w, https:\/\/www.pricetravel.com\/es\/revista\/wp-content\/uploads\/2026\/03\/2-768x512.jpg 768w, https:\/\/www.pricetravel.com\/es\/revista\/wp-content\/uploads\/2026\/03\/2-1536x1024.jpg 1536w, https:\/\/www.pricetravel.com\/es\/revista\/wp-content\/uploads\/2026\/03\/2-2048x1365.jpg 2048w\" sizes=\"(max-width: 1024px) 100vw, 1024px\" \/><\/figure>\n\n\n\n<p>Reserva en tu pr\u00f3ximo viaje en PriceTravel, ya sea por negocios, placer o celebraci\u00f3n, y descubre por qu\u00e9 cada estancia en <strong>Las Brisas M\u00e9rida<\/strong> se convierte en una experiencia con identidad propia.<\/p>\n\n\n\n<figure class=\"wp-block-image size-large\"><img loading=\"lazy\" decoding=\"async\" width=\"1024\" height=\"1024\" src=\"https:\/\/www.pricetravel.com\/es\/revista\/wp-content\/uploads\/2026\/03\/LBMER_LOGO_131224_AN-H-NEGRO-1024x1024.png\" alt=\"\" class=\"wp-image-5812\" srcset=\"https:\/\/www.pricetravel.com\/es\/revista\/wp-content\/uploads\/2026\/03\/LBMER_LOGO_131224_AN-H-NEGRO-1024x1024.png 1024w, https:\/\/www.pricetravel.com\/es\/revista\/wp-content\/uploads\/2026\/03\/LBMER_LOGO_131224_AN-H-NEGRO-300x300.png 300w, https:\/\/www.pricetravel.com\/es\/revista\/wp-content\/uploads\/2026\/03\/LBMER_LOGO_131224_AN-H-NEGRO-150x150.png 150w, https:\/\/www.pricetravel.com\/es\/revista\/wp-content\/uploads\/2026\/03\/LBMER_LOGO_131224_AN-H-NEGRO-768x768.png 768w, https:\/\/www.pricetravel.com\/es\/revista\/wp-content\/uploads\/2026\/03\/LBMER_LOGO_131224_AN-H-NEGRO-1536x1536.png 1536w, https:\/\/www.pricetravel.com\/es\/revista\/wp-content\/uploads\/2026\/03\/LBMER_LOGO_131224_AN-H-NEGRO-2048x2048.png 2048w\" sizes=\"(max-width: 1024px) 100vw, 1024px\" \/><\/figure>\n\n\n\n<p class=\"has-medium-font-size\"><strong><a href=\"https:\/\/www.pricetravel.com\/\" target=\"_blank\" rel=\"noreferrer noopener\">Reserva Aqu\u00ed<\/a><\/strong><\/p>\n","protected":false},"excerpt":{"rendered":"<p>M\u00e9rida se distingue por su riqueza cultural, su arquitectura hist\u00f3rica y su vibrante escena gastron\u00f3mica. En este contexto nace Las Brisas M\u00e9rida, una nueva expresi\u00f3n de hospitalidad boutique que combina dise\u00f1o moderno, enfoque sustentable y una profunda conexi\u00f3n con el entorno local. M\u00e1s que un hotel, es un espacio pensado para quienes desean experimentar la [&hellip;]<\/p>\n","protected":false},"author":7,"featured_media":5783,"comment_status":"open","ping_status":"open","sticky":false,"template":"","format":"standard","meta":{"footnotes":""},"categories":[9],"tags":[533,534,404,532,34,24,102,35],"class_list":["post-5782","post","type-post","status-publish","format-standard","has-post-thumbnail","hentry","category-hoteles","tag-destinos-de-ciudad","tag-destinos-de-mexico","tag-hoteles-en-merida","tag-merida","tag-vacaciones","tag-vacaciones-de-verano","tag-vacaciones-en-familia","tag-viajes"],"yoast_head":"<!-- This site is optimized with the Yoast SEO plugin v27.5 - https:\/\/yoast.com\/product\/yoast-seo-wordpress\/ -->\n<title>Las Brisas M\u00e9rida: hospitalidad contempor\u00e1nea en el coraz\u00f3n de Yucat\u00e1n - Revista PriceTravel<\/title>\n<meta name=\"description\" content=\"Experimenta con Las Brisas M\u00e9rida de un nuevo concepto hotelero mientras disfrutas de unas incre\u00edbles vacaciones.\" \/>\n<meta name=\"robots\" content=\"index, follow, max-snippet:-1, max-image-preview:large, max-video-preview:-1\" \/>\n<link rel=\"canonical\" href=\"https:\/\/www.pricetravel.com\/es\/revista\/las-brisas-merida-hospitalidad-contemporanea-en-el-corazon-de-yucatan\/\" \/>\n<meta property=\"og:locale\" content=\"en_US\" \/>\n<meta property=\"og:type\" content=\"article\" \/>\n<meta property=\"og:title\" content=\"Las Brisas M\u00e9rida: hospitalidad contempor\u00e1nea en el coraz\u00f3n de Yucat\u00e1n - Revista PriceTravel\" \/>\n<meta property=\"og:description\" content=\"Experimenta con Las Brisas M\u00e9rida de un nuevo concepto hotelero mientras disfrutas de unas incre\u00edbles vacaciones.\" \/>\n<meta property=\"og:url\" content=\"https:\/\/www.pricetravel.com\/es\/revista\/las-brisas-merida-hospitalidad-contemporanea-en-el-corazon-de-yucatan\/\" \/>\n<meta property=\"og:site_name\" content=\"Revista PriceTravel\" \/>\n<meta property=\"article:publisher\" content=\"https:\/\/www.facebook.com\/PriceTravel\" \/>\n<meta property=\"article:published_time\" content=\"2026-03-10T07:00:00+00:00\" \/>\n<meta property=\"og:image\" content=\"https:\/\/www.pricetravel.com\/es\/revista\/wp-content\/uploads\/2026\/03\/3-scaled.jpg\" \/>\n\t<meta property=\"og:image:width\" content=\"2560\" \/>\n\t<meta property=\"og:image:height\" content=\"1707\" \/>\n\t<meta property=\"og:image:type\" content=\"image\/jpeg\" \/>\n<meta name=\"author\" content=\"Estephany Sanguino\" \/>\n<meta name=\"twitter:card\" content=\"summary_large_image\" \/>\n<meta name=\"twitter:creator\" content=\"@PriceTravel\" \/>\n<meta name=\"twitter:site\" content=\"@PriceTravel\" \/>\n<meta name=\"twitter:label1\" content=\"Written by\" \/>\n\t<meta name=\"twitter:data1\" content=\"Estephany Sanguino\" \/>\n\t<meta name=\"twitter:label2\" content=\"Est. reading time\" \/>\n\t<meta name=\"twitter:data2\" content=\"5 minutes\" \/>\n<script type=\"application\/ld+json\" class=\"yoast-schema-graph\">{\"@context\":\"https:\\\/\\\/schema.org\",\"@graph\":[{\"@type\":\"Article\",\"@id\":\"https:\\\/\\\/www.pricetravel.com\\\/es\\\/revista\\\/las-brisas-merida-hospitalidad-contemporanea-en-el-corazon-de-yucatan\\\/#article\",\"isPartOf\":{\"@id\":\"https:\\\/\\\/www.pricetravel.com\\\/es\\\/revista\\\/las-brisas-merida-hospitalidad-contemporanea-en-el-corazon-de-yucatan\\\/\"},\"author\":{\"name\":\"Estephany Sanguino\",\"@id\":\"https:\\\/\\\/www.pricetravel.com\\\/es\\\/revista\\\/#\\\/schema\\\/person\\\/64a530a5eb3c86093a4aff6ed349a522\"},\"headline\":\"Las Brisas M\u00e9rida: hospitalidad contempor\u00e1nea en el coraz\u00f3n de Yucat\u00e1n\",\"datePublished\":\"2026-03-10T07:00:00+00:00\",\"mainEntityOfPage\":{\"@id\":\"https:\\\/\\\/www.pricetravel.com\\\/es\\\/revista\\\/las-brisas-merida-hospitalidad-contemporanea-en-el-corazon-de-yucatan\\\/\"},\"wordCount\":591,\"commentCount\":0,\"publisher\":{\"@id\":\"https:\\\/\\\/www.pricetravel.com\\\/es\\\/revista\\\/#organization\"},\"image\":{\"@id\":\"https:\\\/\\\/www.pricetravel.com\\\/es\\\/revista\\\/las-brisas-merida-hospitalidad-contemporanea-en-el-corazon-de-yucatan\\\/#primaryimage\"},\"thumbnailUrl\":\"https:\\\/\\\/www.pricetravel.com\\\/es\\\/revista\\\/wp-content\\\/uploads\\\/2026\\\/03\\\/3-scaled.jpg\",\"keywords\":[\"destinos de ciudad\",\"destinos de M\u00e9xico\",\"hoteles en M\u00e9rida\",\"M\u00e9rida\",\"vacaciones\",\"vacaciones de verano\",\"vacaciones en familia\",\"viajes\"],\"articleSection\":[\"Hoteles\"],\"inLanguage\":\"en-US\",\"potentialAction\":[{\"@type\":\"CommentAction\",\"name\":\"Comment\",\"target\":[\"https:\\\/\\\/www.pricetravel.com\\\/es\\\/revista\\\/las-brisas-merida-hospitalidad-contemporanea-en-el-corazon-de-yucatan\\\/#respond\"]}]},{\"@type\":\"WebPage\",\"@id\":\"https:\\\/\\\/www.pricetravel.com\\\/es\\\/revista\\\/las-brisas-merida-hospitalidad-contemporanea-en-el-corazon-de-yucatan\\\/\",\"url\":\"https:\\\/\\\/www.pricetravel.com\\\/es\\\/revista\\\/las-brisas-merida-hospitalidad-contemporanea-en-el-corazon-de-yucatan\\\/\",\"name\":\"Las Brisas M\u00e9rida: hospitalidad contempor\u00e1nea en el coraz\u00f3n de Yucat\u00e1n - Revista PriceTravel\",\"isPartOf\":{\"@id\":\"https:\\\/\\\/www.pricetravel.com\\\/es\\\/revista\\\/#website\"},\"primaryImageOfPage\":{\"@id\":\"https:\\\/\\\/www.pricetravel.com\\\/es\\\/revista\\\/las-brisas-merida-hospitalidad-contemporanea-en-el-corazon-de-yucatan\\\/#primaryimage\"},\"image\":{\"@id\":\"https:\\\/\\\/www.pricetravel.com\\\/es\\\/revista\\\/las-brisas-merida-hospitalidad-contemporanea-en-el-corazon-de-yucatan\\\/#primaryimage\"},\"thumbnailUrl\":\"https:\\\/\\\/www.pricetravel.com\\\/es\\\/revista\\\/wp-content\\\/uploads\\\/2026\\\/03\\\/3-scaled.jpg\",\"datePublished\":\"2026-03-10T07:00:00+00:00\",\"description\":\"Experimenta con Las Brisas M\u00e9rida de un nuevo concepto hotelero mientras disfrutas de unas incre\u00edbles vacaciones.\",\"breadcrumb\":{\"@id\":\"https:\\\/\\\/www.pricetravel.com\\\/es\\\/revista\\\/las-brisas-merida-hospitalidad-contemporanea-en-el-corazon-de-yucatan\\\/#breadcrumb\"},\"inLanguage\":\"en-US\",\"potentialAction\":[{\"@type\":\"ReadAction\",\"target\":[\"https:\\\/\\\/www.pricetravel.com\\\/es\\\/revista\\\/las-brisas-merida-hospitalidad-contemporanea-en-el-corazon-de-yucatan\\\/\"]}]},{\"@type\":\"ImageObject\",\"inLanguage\":\"en-US\",\"@id\":\"https:\\\/\\\/www.pricetravel.com\\\/es\\\/revista\\\/las-brisas-merida-hospitalidad-contemporanea-en-el-corazon-de-yucatan\\\/#primaryimage\",\"url\":\"https:\\\/\\\/www.pricetravel.com\\\/es\\\/revista\\\/wp-content\\\/uploads\\\/2026\\\/03\\\/3-scaled.jpg\",\"contentUrl\":\"https:\\\/\\\/www.pricetravel.com\\\/es\\\/revista\\\/wp-content\\\/uploads\\\/2026\\\/03\\\/3-scaled.jpg\",\"width\":2560,\"height\":1707},{\"@type\":\"BreadcrumbList\",\"@id\":\"https:\\\/\\\/www.pricetravel.com\\\/es\\\/revista\\\/las-brisas-merida-hospitalidad-contemporanea-en-el-corazon-de-yucatan\\\/#breadcrumb\",\"itemListElement\":[{\"@type\":\"ListItem\",\"position\":1,\"name\":\"Home\",\"item\":\"https:\\\/\\\/www.pricetravel.com\\\/es\\\/revista\\\/\"},{\"@type\":\"ListItem\",\"position\":2,\"name\":\"Las Brisas M\u00e9rida: hospitalidad contempor\u00e1nea en el coraz\u00f3n de Yucat\u00e1n\"}]},{\"@type\":\"WebSite\",\"@id\":\"https:\\\/\\\/www.pricetravel.com\\\/es\\\/revista\\\/#website\",\"url\":\"https:\\\/\\\/www.pricetravel.com\\\/es\\\/revista\\\/\",\"name\":\"Revista PriceTravel\",\"description\":\"\",\"publisher\":{\"@id\":\"https:\\\/\\\/www.pricetravel.com\\\/es\\\/revista\\\/#organization\"},\"potentialAction\":[{\"@type\":\"SearchAction\",\"target\":{\"@type\":\"EntryPoint\",\"urlTemplate\":\"https:\\\/\\\/www.pricetravel.com\\\/es\\\/revista\\\/?s={search_term_string}\"},\"query-input\":{\"@type\":\"PropertyValueSpecification\",\"valueRequired\":true,\"valueName\":\"search_term_string\"}}],\"inLanguage\":\"en-US\"},{\"@type\":\"Organization\",\"@id\":\"https:\\\/\\\/www.pricetravel.com\\\/es\\\/revista\\\/#organization\",\"name\":\"Revista PriceTravel\",\"url\":\"https:\\\/\\\/www.pricetravel.com\\\/es\\\/revista\\\/\",\"logo\":{\"@type\":\"ImageObject\",\"inLanguage\":\"en-US\",\"@id\":\"https:\\\/\\\/www.pricetravel.com\\\/es\\\/revista\\\/#\\\/schema\\\/logo\\\/image\\\/\",\"url\":\"https:\\\/\\\/www.pricetravel.com\\\/es\\\/revista\\\/wp-content\\\/uploads\\\/2023\\\/04\\\/logo-pricetravel.png\",\"contentUrl\":\"https:\\\/\\\/www.pricetravel.com\\\/es\\\/revista\\\/wp-content\\\/uploads\\\/2023\\\/04\\\/logo-pricetravel.png\",\"width\":543,\"height\":72,\"caption\":\"Revista PriceTravel\"},\"image\":{\"@id\":\"https:\\\/\\\/www.pricetravel.com\\\/es\\\/revista\\\/#\\\/schema\\\/logo\\\/image\\\/\"},\"sameAs\":[\"https:\\\/\\\/www.facebook.com\\\/PriceTravel\",\"https:\\\/\\\/x.com\\\/PriceTravel\",\"https:\\\/\\\/www.instagram.com\\\/pricetravel\\\/\"]},{\"@type\":\"Person\",\"@id\":\"https:\\\/\\\/www.pricetravel.com\\\/es\\\/revista\\\/#\\\/schema\\\/person\\\/64a530a5eb3c86093a4aff6ed349a522\",\"name\":\"Estephany Sanguino\",\"image\":{\"@type\":\"ImageObject\",\"inLanguage\":\"en-US\",\"@id\":\"https:\\\/\\\/secure.gravatar.com\\\/avatar\\\/1214f6fc07b533553153eecbf6a0f2a0506dec082f8bb083d9db772fded87d74?s=96&d=mm&r=g\",\"url\":\"https:\\\/\\\/secure.gravatar.com\\\/avatar\\\/1214f6fc07b533553153eecbf6a0f2a0506dec082f8bb083d9db772fded87d74?s=96&d=mm&r=g\",\"contentUrl\":\"https:\\\/\\\/secure.gravatar.com\\\/avatar\\\/1214f6fc07b533553153eecbf6a0f2a0506dec082f8bb083d9db772fded87d74?s=96&d=mm&r=g\",\"caption\":\"Estephany Sanguino\"},\"url\":\"https:\\\/\\\/www.pricetravel.com\\\/es\\\/revista\\\/author\\\/estephany-sanguino\\\/\"}]}<\/script>\n<!-- \/ Yoast SEO plugin. -->","yoast_head_json":{"title":"Las Brisas M\u00e9rida: hospitalidad contempor\u00e1nea en el coraz\u00f3n de Yucat\u00e1n - Revista PriceTravel","description":"Experimenta con Las Brisas M\u00e9rida de un nuevo concepto hotelero mientras disfrutas de unas incre\u00edbles vacaciones.","robots":{"index":"index","follow":"follow","max-snippet":"max-snippet:-1","max-image-preview":"max-image-preview:large","max-video-preview":"max-video-preview:-1"},"canonical":"https:\/\/www.pricetravel.com\/es\/revista\/las-brisas-merida-hospitalidad-contemporanea-en-el-corazon-de-yucatan\/","og_locale":"en_US","og_type":"article","og_title":"Las Brisas M\u00e9rida: hospitalidad contempor\u00e1nea en el coraz\u00f3n de Yucat\u00e1n - Revista PriceTravel","og_description":"Experimenta con Las Brisas M\u00e9rida de un nuevo concepto hotelero mientras disfrutas de unas incre\u00edbles vacaciones.","og_url":"https:\/\/www.pricetravel.com\/es\/revista\/las-brisas-merida-hospitalidad-contemporanea-en-el-corazon-de-yucatan\/","og_site_name":"Revista PriceTravel","article_publisher":"https:\/\/www.facebook.com\/PriceTravel","article_published_time":"2026-03-10T07:00:00+00:00","og_image":[{"width":2560,"height":1707,"url":"https:\/\/www.pricetravel.com\/es\/revista\/wp-content\/uploads\/2026\/03\/3-scaled.jpg","type":"image\/jpeg"}],"author":"Estephany Sanguino","twitter_card":"summary_large_image","twitter_creator":"@PriceTravel","twitter_site":"@PriceTravel","twitter_misc":{"Written by":"Estephany Sanguino","Est. reading time":"5 minutes"},"schema":{"@context":"https:\/\/schema.org","@graph":[{"@type":"Article","@id":"https:\/\/www.pricetravel.com\/es\/revista\/las-brisas-merida-hospitalidad-contemporanea-en-el-corazon-de-yucatan\/#article","isPartOf":{"@id":"https:\/\/www.pricetravel.com\/es\/revista\/las-brisas-merida-hospitalidad-contemporanea-en-el-corazon-de-yucatan\/"},"author":{"name":"Estephany Sanguino","@id":"https:\/\/www.pricetravel.com\/es\/revista\/#\/schema\/person\/64a530a5eb3c86093a4aff6ed349a522"},"headline":"Las Brisas M\u00e9rida: hospitalidad contempor\u00e1nea en el coraz\u00f3n de Yucat\u00e1n","datePublished":"2026-03-10T07:00:00+00:00","mainEntityOfPage":{"@id":"https:\/\/www.pricetravel.com\/es\/revista\/las-brisas-merida-hospitalidad-contemporanea-en-el-corazon-de-yucatan\/"},"wordCount":591,"commentCount":0,"publisher":{"@id":"https:\/\/www.pricetravel.com\/es\/revista\/#organization"},"image":{"@id":"https:\/\/www.pricetravel.com\/es\/revista\/las-brisas-merida-hospitalidad-contemporanea-en-el-corazon-de-yucatan\/#primaryimage"},"thumbnailUrl":"https:\/\/www.pricetravel.com\/es\/revista\/wp-content\/uploads\/2026\/03\/3-scaled.jpg","keywords":["destinos de ciudad","destinos de M\u00e9xico","hoteles en M\u00e9rida","M\u00e9rida","vacaciones","vacaciones de verano","vacaciones en familia","viajes"],"articleSection":["Hoteles"],"inLanguage":"en-US","potentialAction":[{"@type":"CommentAction","name":"Comment","target":["https:\/\/www.pricetravel.com\/es\/revista\/las-brisas-merida-hospitalidad-contemporanea-en-el-corazon-de-yucatan\/#respond"]}]},{"@type":"WebPage","@id":"https:\/\/www.pricetravel.com\/es\/revista\/las-brisas-merida-hospitalidad-contemporanea-en-el-corazon-de-yucatan\/","url":"https:\/\/www.pricetravel.com\/es\/revista\/las-brisas-merida-hospitalidad-contemporanea-en-el-corazon-de-yucatan\/","name":"Las Brisas M\u00e9rida: hospitalidad contempor\u00e1nea en el coraz\u00f3n de Yucat\u00e1n - Revista PriceTravel","isPartOf":{"@id":"https:\/\/www.pricetravel.com\/es\/revista\/#website"},"primaryImageOfPage":{"@id":"https:\/\/www.pricetravel.com\/es\/revista\/las-brisas-merida-hospitalidad-contemporanea-en-el-corazon-de-yucatan\/#primaryimage"},"image":{"@id":"https:\/\/www.pricetravel.com\/es\/revista\/las-brisas-merida-hospitalidad-contemporanea-en-el-corazon-de-yucatan\/#primaryimage"},"thumbnailUrl":"https:\/\/www.pricetravel.com\/es\/revista\/wp-content\/uploads\/2026\/03\/3-scaled.jpg","datePublished":"2026-03-10T07:00:00+00:00","description":"Experimenta con Las Brisas M\u00e9rida de un nuevo concepto hotelero mientras disfrutas de unas incre\u00edbles vacaciones.","breadcrumb":{"@id":"https:\/\/www.pricetravel.com\/es\/revista\/las-brisas-merida-hospitalidad-contemporanea-en-el-corazon-de-yucatan\/#breadcrumb"},"inLanguage":"en-US","potentialAction":[{"@type":"ReadAction","target":["https:\/\/www.pricetravel.com\/es\/revista\/las-brisas-merida-hospitalidad-contemporanea-en-el-corazon-de-yucatan\/"]}]},{"@type":"ImageObject","inLanguage":"en-US","@id":"https:\/\/www.pricetravel.com\/es\/revista\/las-brisas-merida-hospitalidad-contemporanea-en-el-corazon-de-yucatan\/#primaryimage","url":"https:\/\/www.pricetravel.com\/es\/revista\/wp-content\/uploads\/2026\/03\/3-scaled.jpg","contentUrl":"https:\/\/www.pricetravel.com\/es\/revista\/wp-content\/uploads\/2026\/03\/3-scaled.jpg","width":2560,"height":1707},{"@type":"BreadcrumbList","@id":"https:\/\/www.pricetravel.com\/es\/revista\/las-brisas-merida-hospitalidad-contemporanea-en-el-corazon-de-yucatan\/#breadcrumb","itemListElement":[{"@type":"ListItem","position":1,"name":"Home","item":"https:\/\/www.pricetravel.com\/es\/revista\/"},{"@type":"ListItem","position":2,"name":"Las Brisas M\u00e9rida: hospitalidad contempor\u00e1nea en el coraz\u00f3n de Yucat\u00e1n"}]},{"@type":"WebSite","@id":"https:\/\/www.pricetravel.com\/es\/revista\/#website","url":"https:\/\/www.pricetravel.com\/es\/revista\/","name":"Revista PriceTravel","description":"","publisher":{"@id":"https:\/\/www.pricetravel.com\/es\/revista\/#organization"},"potentialAction":[{"@type":"SearchAction","target":{"@type":"EntryPoint","urlTemplate":"https:\/\/www.pricetravel.com\/es\/revista\/?s={search_term_string}"},"query-input":{"@type":"PropertyValueSpecification","valueRequired":true,"valueName":"search_term_string"}}],"inLanguage":"en-US"},{"@type":"Organization","@id":"https:\/\/www.pricetravel.com\/es\/revista\/#organization","name":"Revista PriceTravel","url":"https:\/\/www.pricetravel.com\/es\/revista\/","logo":{"@type":"ImageObject","inLanguage":"en-US","@id":"https:\/\/www.pricetravel.com\/es\/revista\/#\/schema\/logo\/image\/","url":"https:\/\/www.pricetravel.com\/es\/revista\/wp-content\/uploads\/2023\/04\/logo-pricetravel.png","contentUrl":"https:\/\/www.pricetravel.com\/es\/revista\/wp-content\/uploads\/2023\/04\/logo-pricetravel.png","width":543,"height":72,"caption":"Revista PriceTravel"},"image":{"@id":"https:\/\/www.pricetravel.com\/es\/revista\/#\/schema\/logo\/image\/"},"sameAs":["https:\/\/www.facebook.com\/PriceTravel","https:\/\/x.com\/PriceTravel","https:\/\/www.instagram.com\/pricetravel\/"]},{"@type":"Person","@id":"https:\/\/www.pricetravel.com\/es\/revista\/#\/schema\/person\/64a530a5eb3c86093a4aff6ed349a522","name":"Estephany Sanguino","image":{"@type":"ImageObject","inLanguage":"en-US","@id":"https:\/\/secure.gravatar.com\/avatar\/1214f6fc07b533553153eecbf6a0f2a0506dec082f8bb083d9db772fded87d74?s=96&d=mm&r=g","url":"https:\/\/secure.gravatar.com\/avatar\/1214f6fc07b533553153eecbf6a0f2a0506dec082f8bb083d9db772fded87d74?s=96&d=mm&r=g","contentUrl":"https:\/\/secure.gravatar.com\/avatar\/1214f6fc07b533553153eecbf6a0f2a0506dec082f8bb083d9db772fded87d74?s=96&d=mm&r=g","caption":"Estephany Sanguino"},"url":"https:\/\/www.pricetravel.com\/es\/revista\/author\/estephany-sanguino\/"}]}},"_links":{"self":[{"href":"https:\/\/www.pricetravel.com\/es\/revista\/wp-json\/wp\/v2\/posts\/5782","targetHints":{"allow":["GET"]}}],"collection":[{"href":"https:\/\/www.pricetravel.com\/es\/revista\/wp-json\/wp\/v2\/posts"}],"about":[{"href":"https:\/\/www.pricetravel.com\/es\/revista\/wp-json\/wp\/v2\/types\/post"}],"author":[{"embeddable":true,"href":"https:\/\/www.pricetravel.com\/es\/revista\/wp-json\/wp\/v2\/users\/7"}],"replies":[{"embeddable":true,"href":"https:\/\/www.pricetravel.com\/es\/revista\/wp-json\/wp\/v2\/comments?post=5782"}],"version-history":[{"count":9,"href":"https:\/\/www.pricetravel.com\/es\/revista\/wp-json\/wp\/v2\/posts\/5782\/revisions"}],"predecessor-version":[{"id":5813,"href":"https:\/\/www.pricetravel.com\/es\/revista\/wp-json\/wp\/v2\/posts\/5782\/revisions\/5813"}],"wp:featuredmedia":[{"embeddable":true,"href":"https:\/\/www.pricetravel.com\/es\/revista\/wp-json\/wp\/v2\/media\/5783"}],"wp:attachment":[{"href":"https:\/\/www.pricetravel.com\/es\/revista\/wp-json\/wp\/v2\/media?parent=5782"}],"wp:term":[{"taxonomy":"category","embeddable":true,"href":"https:\/\/www.pricetravel.com\/es\/revista\/wp-json\/wp\/v2\/categories?post=5782"},{"taxonomy":"post_tag","embeddable":true,"href":"https:\/\/www.pricetravel.com\/es\/revista\/wp-json\/wp\/v2\/tags?post=5782"}],"curies":[{"name":"wp","href":"https:\/\/api.w.org\/{rel}","templated":true}]}}