{"id":4897,"date":"2025-07-08T07:00:00","date_gmt":"2025-07-08T07:00:00","guid":{"rendered":"https:\/\/www.pricetravel.com\/es\/revista\/?p=4897"},"modified":"2025-07-21T23:28:41","modified_gmt":"2025-07-21T23:28:41","slug":"aventura-en-mazatlan-naturaleza-mar-y-vistas-panoramicas","status":"publish","type":"post","link":"https:\/\/www.pricetravel.com\/es\/revista\/aventura-en-mazatlan-naturaleza-mar-y-vistas-panoramicas\/","title":{"rendered":"Aventura en Mazatl\u00e1n: naturaleza, mar y vistas panor\u00e1micas"},"content":{"rendered":"\n<figure class=\"wp-block-image size-large\"><img fetchpriority=\"high\" decoding=\"async\" width=\"1024\" height=\"683\" src=\"https:\/\/www.pricetravel.com\/es\/revista\/wp-content\/uploads\/2025\/07\/mazatlan.portada-1-1024x683.jpg\" alt=\"Aventura en Mazatl\u00e1n: naturaleza, mar y vistas panor\u00e1micas\" class=\"wp-image-4900\" srcset=\"https:\/\/www.pricetravel.com\/es\/revista\/wp-content\/uploads\/2025\/07\/mazatlan.portada-1-1024x683.jpg 1024w, https:\/\/www.pricetravel.com\/es\/revista\/wp-content\/uploads\/2025\/07\/mazatlan.portada-1-300x200.jpg 300w, https:\/\/www.pricetravel.com\/es\/revista\/wp-content\/uploads\/2025\/07\/mazatlan.portada-1-768x512.jpg 768w, https:\/\/www.pricetravel.com\/es\/revista\/wp-content\/uploads\/2025\/07\/mazatlan.portada-1-1536x1024.jpg 1536w, https:\/\/www.pricetravel.com\/es\/revista\/wp-content\/uploads\/2025\/07\/mazatlan.portada-1-2048x1365.jpg 2048w\" sizes=\"(max-width: 1024px) 100vw, 1024px\" \/><\/figure>\n\n\n\n<p>\u00a1Descubre una aut\u00e9ntica aventura en Mazatl\u00e1n que combina naturaleza, adrenalina y cultura! Vive tres experiencias inolvidables: el imponente faro y mirador, el espectacular acuario y el fascinante observatorio. Situada en la &#8216;Perla del Pac\u00edfico&#8217;, esta ruta combina subidas vertiginosas, inmersi\u00f3n marina y un paseo por la historia. Prep\u00e1rate para experimentar la sensaci\u00f3n de adrenalina al escalar, la emoci\u00f3n de observar especies marinas de cerca y la magia del atardecer desde un observatorio con historia.<\/p>\n\n\n\n<h2 class=\"wp-block-heading\"><strong>El Faro de Mazatl\u00e1n<\/strong><\/h2>\n\n\n\n<p>Comienza con una caminata desafiante hacia el legendario Faro Mazatl\u00e1n. Atr\u00e9vete a visitar el mirador de cristal que se asoma sobre el oc\u00e9ano Pac\u00edfico, ofreciendo vistas 360\u00b0 y una emocionante pasarela suspendida. El faro se encuentra en el Cerro del Crest\u00f3n, a 157\u202fmetros sobre el nivel del mar. La caminata, de aproximadamente 745\u202fmetros y 334 escalones, termina con una vista del oc\u00e9ano, la ciudad, la Isla de la Piedra y la Isla Venados. El puente de cristal, de 30\u202fmetros de largo, es una gran experiencia. \u00a1Siente la fuerza del mar y la emoci\u00f3n en cada paso! Al culminar este reto, descubre la imponente vista frente a ti y prepara tu c\u00e1mara para fotos incre\u00edbles.\u00a0<\/p>\n\n\n\n<figure class=\"wp-block-image size-large\"><img decoding=\"async\" width=\"1024\" height=\"575\" src=\"https:\/\/www.pricetravel.com\/es\/revista\/wp-content\/uploads\/2025\/07\/mazatlan.islas_-1024x575.jpg\" alt=\"Aventura en Mazatl\u00e1n: naturaleza, mar y vistas panor\u00e1micas\" class=\"wp-image-4901\" srcset=\"https:\/\/www.pricetravel.com\/es\/revista\/wp-content\/uploads\/2025\/07\/mazatlan.islas_-1024x575.jpg 1024w, https:\/\/www.pricetravel.com\/es\/revista\/wp-content\/uploads\/2025\/07\/mazatlan.islas_-300x169.jpg 300w, https:\/\/www.pricetravel.com\/es\/revista\/wp-content\/uploads\/2025\/07\/mazatlan.islas_-768x431.jpg 768w, https:\/\/www.pricetravel.com\/es\/revista\/wp-content\/uploads\/2025\/07\/mazatlan.islas_-1536x863.jpg 1536w, https:\/\/www.pricetravel.com\/es\/revista\/wp-content\/uploads\/2025\/07\/mazatlan.islas_-2048x1151.jpg 2048w\" sizes=\"(max-width: 1024px) 100vw, 1024px\" \/><figcaption class=\"wp-element-caption\">Vista de las islas<\/figcaption><\/figure>\n\n\n\n<h2 class=\"wp-block-heading\"><strong>El Gran Acuario Mar de Cort\u00e9s<\/strong><\/h2>\n\n\n\n<p>Contin\u00faa tu experiencia en el Gran Acuario Mar de Cort\u00e9s. El acuario m\u00e1s grande de Latinoam\u00e9rica es el sitio perfecto para un viaje en familia. Sum\u00e9rgete en la biodiversidad del Golfo de California. Aqu\u00ed encontrar\u00e1s exhibiciones interactivas, t\u00faneles submarinos y show de vida marina, incluyendo tiburones, mantarrayas y ping\u00fcinos. Ideal para familias y viajeros curiosos, el acuario de Mazatl\u00e1n ofrece un encuentro cercano con m\u00e1s de 350 especies marinas. \u00a1Vive una inmersi\u00f3n en el ecosistema acu\u00e1tico sin salir de tierra firme! Y si eres fan de la adrenalina, reserva tu espacio para la experiencia de snorkel que te permite nadar en la pecera oce\u00e1nica y convivir de cerca con tiburones.<\/p>\n\n\n\n<figure class=\"wp-block-image size-large\"><img decoding=\"async\" width=\"1024\" height=\"683\" src=\"https:\/\/www.pricetravel.com\/es\/revista\/wp-content\/uploads\/2025\/07\/mazatlan.acuario-1-1024x683.jpg\" alt=\"Aventura en Mazatl\u00e1n: naturaleza, mar y vistas panor\u00e1micas\" class=\"wp-image-4902\" srcset=\"https:\/\/www.pricetravel.com\/es\/revista\/wp-content\/uploads\/2025\/07\/mazatlan.acuario-1-1024x683.jpg 1024w, https:\/\/www.pricetravel.com\/es\/revista\/wp-content\/uploads\/2025\/07\/mazatlan.acuario-1-300x200.jpg 300w, https:\/\/www.pricetravel.com\/es\/revista\/wp-content\/uploads\/2025\/07\/mazatlan.acuario-1-768x512.jpg 768w, https:\/\/www.pricetravel.com\/es\/revista\/wp-content\/uploads\/2025\/07\/mazatlan.acuario-1-1536x1024.jpg 1536w, https:\/\/www.pricetravel.com\/es\/revista\/wp-content\/uploads\/2025\/07\/mazatlan.acuario-1-2048x1365.jpg 2048w\" sizes=\"(max-width: 1024px) 100vw, 1024px\" \/><figcaption class=\"wp-element-caption\">Gran Acuario Mazatl\u00e1n Mar de Cort\u00e9s<\/figcaption><\/figure>\n\n\n\n<h2 class=\"wp-block-heading\"><strong>El Observatorio 1873<\/strong><\/h2>\n\n\n\n<p>Para cerrar tu d\u00eda de aventura en Mazatl\u00e1n, sube al Observatorio 1873. Est\u00e1 asentado en la cima del Cerro del Vig\u00eda y es accesible por medio del funicular, un viaje que ofrece hermosas vistas. Al llegar a lo m\u00e1s alto, entra en el ambiente inmersivo de historia, biodiversidad y vistas excepcionales del oc\u00e9ano y la ciudad.<\/p>\n\n\n\n<p>Este sitio de arquitectura hist\u00f3rica es un antiguo puesto militar que alberga ahora un museo. Su aviario, es un refugio adaptado como h\u00e1bitat natural de aves que incluyen flamencos, loros, pericos y guacamayas. Tiene tambi\u00e9n un espacio dedicado a la preservaci\u00f3n de la iguana y un jard\u00edn de cact\u00e1ceas y agave. \u00bfQuieres saber cu\u00e1l es el mejor plan para terminar tu d\u00eda en Mazatl\u00e1n despu\u00e9s del recorrido tur\u00edstico? \u00a1Disfruta una copa en el skybar del Observatorio 1873! Es el escenario perfecto para disfrutar del atardecer mientras contemplas vistas panor\u00e1micas del destino y la costa.\u00a0<\/p>\n\n\n\n<figure class=\"wp-block-image size-large\"><img loading=\"lazy\" decoding=\"async\" width=\"1024\" height=\"1024\" src=\"https:\/\/www.pricetravel.com\/es\/revista\/wp-content\/uploads\/2025\/07\/mazatlan.skybar-1-1024x1024.jpg\" alt=\"Aventura en Mazatl\u00e1n: naturaleza, mar y vistas panor\u00e1micas\" class=\"wp-image-4903\" srcset=\"https:\/\/www.pricetravel.com\/es\/revista\/wp-content\/uploads\/2025\/07\/mazatlan.skybar-1-1024x1024.jpg 1024w, https:\/\/www.pricetravel.com\/es\/revista\/wp-content\/uploads\/2025\/07\/mazatlan.skybar-1-300x300.jpg 300w, https:\/\/www.pricetravel.com\/es\/revista\/wp-content\/uploads\/2025\/07\/mazatlan.skybar-1-150x150.jpg 150w, https:\/\/www.pricetravel.com\/es\/revista\/wp-content\/uploads\/2025\/07\/mazatlan.skybar-1-768x768.jpg 768w, https:\/\/www.pricetravel.com\/es\/revista\/wp-content\/uploads\/2025\/07\/mazatlan.skybar-1.jpg 1080w\" sizes=\"(max-width: 1024px) 100vw, 1024px\" \/><figcaption class=\"wp-element-caption\">Vista desde el Skybar<\/figcaption><\/figure>\n\n\n\n<p>Esta ruta te invita a descubrir naturaleza, historia, cultura e incre\u00edbles vistas panor\u00e1micas. \u00a1Una aventura en Mazatl\u00e1n que despertar\u00e1 todos tus sentidos!<\/p>\n\n\n\n<figure class=\"wp-block-image size-full\"><img loading=\"lazy\" decoding=\"async\" width=\"18334\" height=\"8639\" src=\"https:\/\/www.pricetravel.com\/es\/revista\/wp-content\/uploads\/2025\/07\/mazatlan.logo_.png\" alt=\"Aventura en Mazatl\u00e1n: naturaleza, mar y vistas panor\u00e1micas\" class=\"wp-image-4904\"\/><\/figure>\n\n\n\n<p><\/p>\n","protected":false},"excerpt":{"rendered":"<p>\u00a1Descubre una aut\u00e9ntica aventura en Mazatl\u00e1n que combina naturaleza, adrenalina y cultura! Vive tres experiencias inolvidables: el imponente faro y mirador, el espectacular acuario y el fascinante observatorio. Situada en la &#8216;Perla del Pac\u00edfico&#8217;, esta ruta combina subidas vertiginosas, inmersi\u00f3n marina y un paseo por la historia. Prep\u00e1rate para experimentar la sensaci\u00f3n de adrenalina al [&hellip;]<\/p>\n","protected":false},"author":8,"featured_media":4900,"comment_status":"open","ping_status":"open","sticky":false,"template":"","format":"standard","meta":{"footnotes":""},"categories":[14],"tags":[438,437,439,150],"class_list":["post-4897","post","type-post","status-publish","format-standard","has-post-thumbnail","hentry","category-lugares-turisticos-de-mexico","tag-acuario-de-mazatlan","tag-el-faro-de-mazatlan","tag-observatorio-de-mazatlan","tag-vacaciones-en-mazatlan"],"yoast_head":"<!-- This site is optimized with the Yoast SEO plugin v27.5 - https:\/\/yoast.com\/product\/yoast-seo-wordpress\/ -->\n<title>Aventura en Mazatl\u00e1n: naturaleza, mar y vistas panor\u00e1micas<\/title>\n<meta name=\"description\" content=\"Vive una aventura en Mazatl\u00e1n: descubre el faro de cristal, el acuario m\u00e1s grande de M\u00e9xico y un observatorio con vistas \u00fanicas.\" \/>\n<meta name=\"robots\" content=\"index, follow, max-snippet:-1, max-image-preview:large, max-video-preview:-1\" \/>\n<link rel=\"canonical\" href=\"https:\/\/www.pricetravel.com\/es\/revista\/aventura-en-mazatlan-naturaleza-mar-y-vistas-panoramicas\/\" \/>\n<meta property=\"og:locale\" content=\"en_US\" \/>\n<meta property=\"og:type\" content=\"article\" \/>\n<meta property=\"og:title\" content=\"Aventura en Mazatl\u00e1n: naturaleza, mar y vistas panor\u00e1micas\" \/>\n<meta property=\"og:description\" content=\"Vive una aventura en Mazatl\u00e1n: descubre el faro de cristal, el acuario m\u00e1s grande de M\u00e9xico y un observatorio con vistas \u00fanicas.\" \/>\n<meta property=\"og:url\" content=\"https:\/\/www.pricetravel.com\/es\/revista\/aventura-en-mazatlan-naturaleza-mar-y-vistas-panoramicas\/\" \/>\n<meta property=\"og:site_name\" content=\"Revista PriceTravel\" \/>\n<meta property=\"article:publisher\" content=\"https:\/\/www.facebook.com\/PriceTravel\" \/>\n<meta property=\"article:published_time\" content=\"2025-07-08T07:00:00+00:00\" \/>\n<meta property=\"article:modified_time\" content=\"2025-07-21T23:28:41+00:00\" \/>\n<meta property=\"og:image\" content=\"https:\/\/www.pricetravel.com\/es\/revista\/wp-content\/uploads\/2025\/07\/mazatlan.portada-1-scaled.jpg\" \/>\n\t<meta property=\"og:image:width\" content=\"2560\" \/>\n\t<meta property=\"og:image:height\" content=\"1707\" \/>\n\t<meta property=\"og:image:type\" content=\"image\/jpeg\" \/>\n<meta name=\"author\" content=\"Martha Benitez\" \/>\n<meta name=\"twitter:card\" content=\"summary_large_image\" \/>\n<meta name=\"twitter:creator\" content=\"@PriceTravel\" \/>\n<meta name=\"twitter:site\" content=\"@PriceTravel\" \/>\n<meta name=\"twitter:label1\" content=\"Written by\" \/>\n\t<meta name=\"twitter:data1\" content=\"Martha Benitez\" \/>\n\t<meta name=\"twitter:label2\" content=\"Est. reading time\" \/>\n\t<meta name=\"twitter:data2\" content=\"4 minutes\" \/>\n<script type=\"application\/ld+json\" class=\"yoast-schema-graph\">{\"@context\":\"https:\\\/\\\/schema.org\",\"@graph\":[{\"@type\":\"Article\",\"@id\":\"https:\\\/\\\/www.pricetravel.com\\\/es\\\/revista\\\/aventura-en-mazatlan-naturaleza-mar-y-vistas-panoramicas\\\/#article\",\"isPartOf\":{\"@id\":\"https:\\\/\\\/www.pricetravel.com\\\/es\\\/revista\\\/aventura-en-mazatlan-naturaleza-mar-y-vistas-panoramicas\\\/\"},\"author\":{\"name\":\"Martha Benitez\",\"@id\":\"https:\\\/\\\/www.pricetravel.com\\\/es\\\/revista\\\/#\\\/schema\\\/person\\\/3b343dce98ac4450a5c6e298b6b188ff\"},\"headline\":\"Aventura en Mazatl\u00e1n: naturaleza, mar y vistas panor\u00e1micas\",\"datePublished\":\"2025-07-08T07:00:00+00:00\",\"dateModified\":\"2025-07-21T23:28:41+00:00\",\"mainEntityOfPage\":{\"@id\":\"https:\\\/\\\/www.pricetravel.com\\\/es\\\/revista\\\/aventura-en-mazatlan-naturaleza-mar-y-vistas-panoramicas\\\/\"},\"wordCount\":554,\"commentCount\":0,\"publisher\":{\"@id\":\"https:\\\/\\\/www.pricetravel.com\\\/es\\\/revista\\\/#organization\"},\"image\":{\"@id\":\"https:\\\/\\\/www.pricetravel.com\\\/es\\\/revista\\\/aventura-en-mazatlan-naturaleza-mar-y-vistas-panoramicas\\\/#primaryimage\"},\"thumbnailUrl\":\"https:\\\/\\\/www.pricetravel.com\\\/es\\\/revista\\\/wp-content\\\/uploads\\\/2025\\\/07\\\/mazatlan.portada-1-scaled.jpg\",\"keywords\":[\"acuario de Mazatl\u00e1n\",\"el faro de Mazatl\u00e1n\",\"observatorio de Mazatl\u00e1n\",\"vacaciones en Mazatl\u00e1n\"],\"articleSection\":[\"Lugares Tur\u00edsticos de M\u00e9xico\"],\"inLanguage\":\"en-US\",\"potentialAction\":[{\"@type\":\"CommentAction\",\"name\":\"Comment\",\"target\":[\"https:\\\/\\\/www.pricetravel.com\\\/es\\\/revista\\\/aventura-en-mazatlan-naturaleza-mar-y-vistas-panoramicas\\\/#respond\"]}]},{\"@type\":\"WebPage\",\"@id\":\"https:\\\/\\\/www.pricetravel.com\\\/es\\\/revista\\\/aventura-en-mazatlan-naturaleza-mar-y-vistas-panoramicas\\\/\",\"url\":\"https:\\\/\\\/www.pricetravel.com\\\/es\\\/revista\\\/aventura-en-mazatlan-naturaleza-mar-y-vistas-panoramicas\\\/\",\"name\":\"Aventura en Mazatl\u00e1n: naturaleza, mar y vistas panor\u00e1micas\",\"isPartOf\":{\"@id\":\"https:\\\/\\\/www.pricetravel.com\\\/es\\\/revista\\\/#website\"},\"primaryImageOfPage\":{\"@id\":\"https:\\\/\\\/www.pricetravel.com\\\/es\\\/revista\\\/aventura-en-mazatlan-naturaleza-mar-y-vistas-panoramicas\\\/#primaryimage\"},\"image\":{\"@id\":\"https:\\\/\\\/www.pricetravel.com\\\/es\\\/revista\\\/aventura-en-mazatlan-naturaleza-mar-y-vistas-panoramicas\\\/#primaryimage\"},\"thumbnailUrl\":\"https:\\\/\\\/www.pricetravel.com\\\/es\\\/revista\\\/wp-content\\\/uploads\\\/2025\\\/07\\\/mazatlan.portada-1-scaled.jpg\",\"datePublished\":\"2025-07-08T07:00:00+00:00\",\"dateModified\":\"2025-07-21T23:28:41+00:00\",\"description\":\"Vive una aventura en Mazatl\u00e1n: descubre el faro de cristal, el acuario m\u00e1s grande de M\u00e9xico y un observatorio con vistas \u00fanicas.\",\"breadcrumb\":{\"@id\":\"https:\\\/\\\/www.pricetravel.com\\\/es\\\/revista\\\/aventura-en-mazatlan-naturaleza-mar-y-vistas-panoramicas\\\/#breadcrumb\"},\"inLanguage\":\"en-US\",\"potentialAction\":[{\"@type\":\"ReadAction\",\"target\":[\"https:\\\/\\\/www.pricetravel.com\\\/es\\\/revista\\\/aventura-en-mazatlan-naturaleza-mar-y-vistas-panoramicas\\\/\"]}]},{\"@type\":\"ImageObject\",\"inLanguage\":\"en-US\",\"@id\":\"https:\\\/\\\/www.pricetravel.com\\\/es\\\/revista\\\/aventura-en-mazatlan-naturaleza-mar-y-vistas-panoramicas\\\/#primaryimage\",\"url\":\"https:\\\/\\\/www.pricetravel.com\\\/es\\\/revista\\\/wp-content\\\/uploads\\\/2025\\\/07\\\/mazatlan.portada-1-scaled.jpg\",\"contentUrl\":\"https:\\\/\\\/www.pricetravel.com\\\/es\\\/revista\\\/wp-content\\\/uploads\\\/2025\\\/07\\\/mazatlan.portada-1-scaled.jpg\",\"width\":2560,\"height\":1707,\"caption\":\"Aventura en Mazatl\u00e1n: naturaleza, mar y vistas panor\u00e1micas\"},{\"@type\":\"BreadcrumbList\",\"@id\":\"https:\\\/\\\/www.pricetravel.com\\\/es\\\/revista\\\/aventura-en-mazatlan-naturaleza-mar-y-vistas-panoramicas\\\/#breadcrumb\",\"itemListElement\":[{\"@type\":\"ListItem\",\"position\":1,\"name\":\"Home\",\"item\":\"https:\\\/\\\/www.pricetravel.com\\\/es\\\/revista\\\/\"},{\"@type\":\"ListItem\",\"position\":2,\"name\":\"Aventura en Mazatl\u00e1n: naturaleza, mar y vistas panor\u00e1micas\"}]},{\"@type\":\"WebSite\",\"@id\":\"https:\\\/\\\/www.pricetravel.com\\\/es\\\/revista\\\/#website\",\"url\":\"https:\\\/\\\/www.pricetravel.com\\\/es\\\/revista\\\/\",\"name\":\"Revista PriceTravel\",\"description\":\"\",\"publisher\":{\"@id\":\"https:\\\/\\\/www.pricetravel.com\\\/es\\\/revista\\\/#organization\"},\"potentialAction\":[{\"@type\":\"SearchAction\",\"target\":{\"@type\":\"EntryPoint\",\"urlTemplate\":\"https:\\\/\\\/www.pricetravel.com\\\/es\\\/revista\\\/?s={search_term_string}\"},\"query-input\":{\"@type\":\"PropertyValueSpecification\",\"valueRequired\":true,\"valueName\":\"search_term_string\"}}],\"inLanguage\":\"en-US\"},{\"@type\":\"Organization\",\"@id\":\"https:\\\/\\\/www.pricetravel.com\\\/es\\\/revista\\\/#organization\",\"name\":\"Revista PriceTravel\",\"url\":\"https:\\\/\\\/www.pricetravel.com\\\/es\\\/revista\\\/\",\"logo\":{\"@type\":\"ImageObject\",\"inLanguage\":\"en-US\",\"@id\":\"https:\\\/\\\/www.pricetravel.com\\\/es\\\/revista\\\/#\\\/schema\\\/logo\\\/image\\\/\",\"url\":\"https:\\\/\\\/www.pricetravel.com\\\/es\\\/revista\\\/wp-content\\\/uploads\\\/2023\\\/04\\\/logo-pricetravel.png\",\"contentUrl\":\"https:\\\/\\\/www.pricetravel.com\\\/es\\\/revista\\\/wp-content\\\/uploads\\\/2023\\\/04\\\/logo-pricetravel.png\",\"width\":543,\"height\":72,\"caption\":\"Revista PriceTravel\"},\"image\":{\"@id\":\"https:\\\/\\\/www.pricetravel.com\\\/es\\\/revista\\\/#\\\/schema\\\/logo\\\/image\\\/\"},\"sameAs\":[\"https:\\\/\\\/www.facebook.com\\\/PriceTravel\",\"https:\\\/\\\/x.com\\\/PriceTravel\",\"https:\\\/\\\/www.instagram.com\\\/pricetravel\\\/\"]},{\"@type\":\"Person\",\"@id\":\"https:\\\/\\\/www.pricetravel.com\\\/es\\\/revista\\\/#\\\/schema\\\/person\\\/3b343dce98ac4450a5c6e298b6b188ff\",\"name\":\"Martha Benitez\",\"image\":{\"@type\":\"ImageObject\",\"inLanguage\":\"en-US\",\"@id\":\"https:\\\/\\\/secure.gravatar.com\\\/avatar\\\/a2fb0234a0c8ee27e1c720d64d6d766f8265a3bce0a42c546069173a5526ac26?s=96&d=mm&r=g\",\"url\":\"https:\\\/\\\/secure.gravatar.com\\\/avatar\\\/a2fb0234a0c8ee27e1c720d64d6d766f8265a3bce0a42c546069173a5526ac26?s=96&d=mm&r=g\",\"contentUrl\":\"https:\\\/\\\/secure.gravatar.com\\\/avatar\\\/a2fb0234a0c8ee27e1c720d64d6d766f8265a3bce0a42c546069173a5526ac26?s=96&d=mm&r=g\",\"caption\":\"Martha Benitez\"},\"url\":\"https:\\\/\\\/www.pricetravel.com\\\/es\\\/revista\\\/author\\\/martha-benitez\\\/\"}]}<\/script>\n<!-- \/ Yoast SEO plugin. -->","yoast_head_json":{"title":"Aventura en Mazatl\u00e1n: naturaleza, mar y vistas panor\u00e1micas","description":"Vive una aventura en Mazatl\u00e1n: descubre el faro de cristal, el acuario m\u00e1s grande de M\u00e9xico y un observatorio con vistas \u00fanicas.","robots":{"index":"index","follow":"follow","max-snippet":"max-snippet:-1","max-image-preview":"max-image-preview:large","max-video-preview":"max-video-preview:-1"},"canonical":"https:\/\/www.pricetravel.com\/es\/revista\/aventura-en-mazatlan-naturaleza-mar-y-vistas-panoramicas\/","og_locale":"en_US","og_type":"article","og_title":"Aventura en Mazatl\u00e1n: naturaleza, mar y vistas panor\u00e1micas","og_description":"Vive una aventura en Mazatl\u00e1n: descubre el faro de cristal, el acuario m\u00e1s grande de M\u00e9xico y un observatorio con vistas \u00fanicas.","og_url":"https:\/\/www.pricetravel.com\/es\/revista\/aventura-en-mazatlan-naturaleza-mar-y-vistas-panoramicas\/","og_site_name":"Revista PriceTravel","article_publisher":"https:\/\/www.facebook.com\/PriceTravel","article_published_time":"2025-07-08T07:00:00+00:00","article_modified_time":"2025-07-21T23:28:41+00:00","og_image":[{"width":2560,"height":1707,"url":"https:\/\/www.pricetravel.com\/es\/revista\/wp-content\/uploads\/2025\/07\/mazatlan.portada-1-scaled.jpg","type":"image\/jpeg"}],"author":"Martha Benitez","twitter_card":"summary_large_image","twitter_creator":"@PriceTravel","twitter_site":"@PriceTravel","twitter_misc":{"Written by":"Martha Benitez","Est. reading time":"4 minutes"},"schema":{"@context":"https:\/\/schema.org","@graph":[{"@type":"Article","@id":"https:\/\/www.pricetravel.com\/es\/revista\/aventura-en-mazatlan-naturaleza-mar-y-vistas-panoramicas\/#article","isPartOf":{"@id":"https:\/\/www.pricetravel.com\/es\/revista\/aventura-en-mazatlan-naturaleza-mar-y-vistas-panoramicas\/"},"author":{"name":"Martha Benitez","@id":"https:\/\/www.pricetravel.com\/es\/revista\/#\/schema\/person\/3b343dce98ac4450a5c6e298b6b188ff"},"headline":"Aventura en Mazatl\u00e1n: naturaleza, mar y vistas panor\u00e1micas","datePublished":"2025-07-08T07:00:00+00:00","dateModified":"2025-07-21T23:28:41+00:00","mainEntityOfPage":{"@id":"https:\/\/www.pricetravel.com\/es\/revista\/aventura-en-mazatlan-naturaleza-mar-y-vistas-panoramicas\/"},"wordCount":554,"commentCount":0,"publisher":{"@id":"https:\/\/www.pricetravel.com\/es\/revista\/#organization"},"image":{"@id":"https:\/\/www.pricetravel.com\/es\/revista\/aventura-en-mazatlan-naturaleza-mar-y-vistas-panoramicas\/#primaryimage"},"thumbnailUrl":"https:\/\/www.pricetravel.com\/es\/revista\/wp-content\/uploads\/2025\/07\/mazatlan.portada-1-scaled.jpg","keywords":["acuario de Mazatl\u00e1n","el faro de Mazatl\u00e1n","observatorio de Mazatl\u00e1n","vacaciones en Mazatl\u00e1n"],"articleSection":["Lugares Tur\u00edsticos de M\u00e9xico"],"inLanguage":"en-US","potentialAction":[{"@type":"CommentAction","name":"Comment","target":["https:\/\/www.pricetravel.com\/es\/revista\/aventura-en-mazatlan-naturaleza-mar-y-vistas-panoramicas\/#respond"]}]},{"@type":"WebPage","@id":"https:\/\/www.pricetravel.com\/es\/revista\/aventura-en-mazatlan-naturaleza-mar-y-vistas-panoramicas\/","url":"https:\/\/www.pricetravel.com\/es\/revista\/aventura-en-mazatlan-naturaleza-mar-y-vistas-panoramicas\/","name":"Aventura en Mazatl\u00e1n: naturaleza, mar y vistas panor\u00e1micas","isPartOf":{"@id":"https:\/\/www.pricetravel.com\/es\/revista\/#website"},"primaryImageOfPage":{"@id":"https:\/\/www.pricetravel.com\/es\/revista\/aventura-en-mazatlan-naturaleza-mar-y-vistas-panoramicas\/#primaryimage"},"image":{"@id":"https:\/\/www.pricetravel.com\/es\/revista\/aventura-en-mazatlan-naturaleza-mar-y-vistas-panoramicas\/#primaryimage"},"thumbnailUrl":"https:\/\/www.pricetravel.com\/es\/revista\/wp-content\/uploads\/2025\/07\/mazatlan.portada-1-scaled.jpg","datePublished":"2025-07-08T07:00:00+00:00","dateModified":"2025-07-21T23:28:41+00:00","description":"Vive una aventura en Mazatl\u00e1n: descubre el faro de cristal, el acuario m\u00e1s grande de M\u00e9xico y un observatorio con vistas \u00fanicas.","breadcrumb":{"@id":"https:\/\/www.pricetravel.com\/es\/revista\/aventura-en-mazatlan-naturaleza-mar-y-vistas-panoramicas\/#breadcrumb"},"inLanguage":"en-US","potentialAction":[{"@type":"ReadAction","target":["https:\/\/www.pricetravel.com\/es\/revista\/aventura-en-mazatlan-naturaleza-mar-y-vistas-panoramicas\/"]}]},{"@type":"ImageObject","inLanguage":"en-US","@id":"https:\/\/www.pricetravel.com\/es\/revista\/aventura-en-mazatlan-naturaleza-mar-y-vistas-panoramicas\/#primaryimage","url":"https:\/\/www.pricetravel.com\/es\/revista\/wp-content\/uploads\/2025\/07\/mazatlan.portada-1-scaled.jpg","contentUrl":"https:\/\/www.pricetravel.com\/es\/revista\/wp-content\/uploads\/2025\/07\/mazatlan.portada-1-scaled.jpg","width":2560,"height":1707,"caption":"Aventura en Mazatl\u00e1n: naturaleza, mar y vistas panor\u00e1micas"},{"@type":"BreadcrumbList","@id":"https:\/\/www.pricetravel.com\/es\/revista\/aventura-en-mazatlan-naturaleza-mar-y-vistas-panoramicas\/#breadcrumb","itemListElement":[{"@type":"ListItem","position":1,"name":"Home","item":"https:\/\/www.pricetravel.com\/es\/revista\/"},{"@type":"ListItem","position":2,"name":"Aventura en Mazatl\u00e1n: naturaleza, mar y vistas panor\u00e1micas"}]},{"@type":"WebSite","@id":"https:\/\/www.pricetravel.com\/es\/revista\/#website","url":"https:\/\/www.pricetravel.com\/es\/revista\/","name":"Revista PriceTravel","description":"","publisher":{"@id":"https:\/\/www.pricetravel.com\/es\/revista\/#organization"},"potentialAction":[{"@type":"SearchAction","target":{"@type":"EntryPoint","urlTemplate":"https:\/\/www.pricetravel.com\/es\/revista\/?s={search_term_string}"},"query-input":{"@type":"PropertyValueSpecification","valueRequired":true,"valueName":"search_term_string"}}],"inLanguage":"en-US"},{"@type":"Organization","@id":"https:\/\/www.pricetravel.com\/es\/revista\/#organization","name":"Revista PriceTravel","url":"https:\/\/www.pricetravel.com\/es\/revista\/","logo":{"@type":"ImageObject","inLanguage":"en-US","@id":"https:\/\/www.pricetravel.com\/es\/revista\/#\/schema\/logo\/image\/","url":"https:\/\/www.pricetravel.com\/es\/revista\/wp-content\/uploads\/2023\/04\/logo-pricetravel.png","contentUrl":"https:\/\/www.pricetravel.com\/es\/revista\/wp-content\/uploads\/2023\/04\/logo-pricetravel.png","width":543,"height":72,"caption":"Revista PriceTravel"},"image":{"@id":"https:\/\/www.pricetravel.com\/es\/revista\/#\/schema\/logo\/image\/"},"sameAs":["https:\/\/www.facebook.com\/PriceTravel","https:\/\/x.com\/PriceTravel","https:\/\/www.instagram.com\/pricetravel\/"]},{"@type":"Person","@id":"https:\/\/www.pricetravel.com\/es\/revista\/#\/schema\/person\/3b343dce98ac4450a5c6e298b6b188ff","name":"Martha Benitez","image":{"@type":"ImageObject","inLanguage":"en-US","@id":"https:\/\/secure.gravatar.com\/avatar\/a2fb0234a0c8ee27e1c720d64d6d766f8265a3bce0a42c546069173a5526ac26?s=96&d=mm&r=g","url":"https:\/\/secure.gravatar.com\/avatar\/a2fb0234a0c8ee27e1c720d64d6d766f8265a3bce0a42c546069173a5526ac26?s=96&d=mm&r=g","contentUrl":"https:\/\/secure.gravatar.com\/avatar\/a2fb0234a0c8ee27e1c720d64d6d766f8265a3bce0a42c546069173a5526ac26?s=96&d=mm&r=g","caption":"Martha Benitez"},"url":"https:\/\/www.pricetravel.com\/es\/revista\/author\/martha-benitez\/"}]}},"_links":{"self":[{"href":"https:\/\/www.pricetravel.com\/es\/revista\/wp-json\/wp\/v2\/posts\/4897","targetHints":{"allow":["GET"]}}],"collection":[{"href":"https:\/\/www.pricetravel.com\/es\/revista\/wp-json\/wp\/v2\/posts"}],"about":[{"href":"https:\/\/www.pricetravel.com\/es\/revista\/wp-json\/wp\/v2\/types\/post"}],"author":[{"embeddable":true,"href":"https:\/\/www.pricetravel.com\/es\/revista\/wp-json\/wp\/v2\/users\/8"}],"replies":[{"embeddable":true,"href":"https:\/\/www.pricetravel.com\/es\/revista\/wp-json\/wp\/v2\/comments?post=4897"}],"version-history":[{"count":6,"href":"https:\/\/www.pricetravel.com\/es\/revista\/wp-json\/wp\/v2\/posts\/4897\/revisions"}],"predecessor-version":[{"id":4929,"href":"https:\/\/www.pricetravel.com\/es\/revista\/wp-json\/wp\/v2\/posts\/4897\/revisions\/4929"}],"wp:featuredmedia":[{"embeddable":true,"href":"https:\/\/www.pricetravel.com\/es\/revista\/wp-json\/wp\/v2\/media\/4900"}],"wp:attachment":[{"href":"https:\/\/www.pricetravel.com\/es\/revista\/wp-json\/wp\/v2\/media?parent=4897"}],"wp:term":[{"taxonomy":"category","embeddable":true,"href":"https:\/\/www.pricetravel.com\/es\/revista\/wp-json\/wp\/v2\/categories?post=4897"},{"taxonomy":"post_tag","embeddable":true,"href":"https:\/\/www.pricetravel.com\/es\/revista\/wp-json\/wp\/v2\/tags?post=4897"}],"curies":[{"name":"wp","href":"https:\/\/api.w.org\/{rel}","templated":true}]}}