{"id":4657,"date":"2025-06-13T07:30:00","date_gmt":"2025-06-13T07:30:00","guid":{"rendered":"https:\/\/www.pricetravel.com\/es\/revista\/?p=4657"},"modified":"2025-06-11T15:50:28","modified_gmt":"2025-06-11T15:50:28","slug":"krystal-grand-puerto-vallarta-el-corazon-de-tus-vacaciones","status":"publish","type":"post","link":"https:\/\/www.pricetravel.com\/es\/revista\/krystal-grand-puerto-vallarta-el-corazon-de-tus-vacaciones\/","title":{"rendered":"Krystal Grand\u00ae Puerto Vallarta: el coraz\u00f3n de tus vacaciones"},"content":{"rendered":"\n<p>Si quieres despertar con una incre\u00edble vista frente al mar que te permita disfrutar el sonido de las olas o sentir la arena dorada que hay en el Pac\u00edfico mexicano, <strong><a href=\"http:\/\/www.pricetravel.com\/es\/hotel\/krystal-altitude-vallarta-all-inclusive\">Krystal Grand\u00ae Puerto Vallarta<\/a><\/strong> es el coraz\u00f3n de tus vacaciones, porque m\u00e1s que un hotel todo incluido, es una invitaci\u00f3n a vivir momentos inolvidables en un entorno paradis\u00edaco.<\/p>\n\n\n\n<figure class=\"wp-block-image size-full\"><img fetchpriority=\"high\" decoding=\"async\" width=\"1024\" height=\"682\" src=\"https:\/\/www.pricetravel.com\/es\/revista\/wp-content\/uploads\/2025\/06\/2.jpg\" alt=\"\" class=\"wp-image-4659\" srcset=\"https:\/\/www.pricetravel.com\/es\/revista\/wp-content\/uploads\/2025\/06\/2.jpg 1024w, https:\/\/www.pricetravel.com\/es\/revista\/wp-content\/uploads\/2025\/06\/2-300x200.jpg 300w, https:\/\/www.pricetravel.com\/es\/revista\/wp-content\/uploads\/2025\/06\/2-768x512.jpg 768w\" sizes=\"(max-width: 1024px) 100vw, 1024px\" \/><\/figure>\n\n\n\n<h2 class=\"wp-block-heading has-text-align-left has-large-font-size\"><strong>Una ubicaci\u00f3n privilegiada<\/strong><\/h2>\n\n\n\n<p><strong>Krystal Grand\u00ae Puerto Vallarta<\/strong> se encuentra a solo 10 minutos del Aeropuerto Internacional Lic. Gustavo D\u00edaz Ordaz. Adem\u00e1s de estar muy cerca del malec\u00f3n y del centro hist\u00f3rico, lugares rodeados de cultura y vistas que te roban el aliento.<\/p>\n\n\n\n<p>Al tener acceso directo a una amplia playa, el resort se convierte en el inicio perfecto para una experiencia \u00fanica que combina la calidez y el servicio ideal para familias, parejas y amigos.<\/p>\n\n\n\n<figure class=\"wp-block-image size-full\"><img decoding=\"async\" width=\"1024\" height=\"682\" src=\"https:\/\/www.pricetravel.com\/es\/revista\/wp-content\/uploads\/2025\/06\/5.jpg\" alt=\"\" class=\"wp-image-4662\" srcset=\"https:\/\/www.pricetravel.com\/es\/revista\/wp-content\/uploads\/2025\/06\/5.jpg 1024w, https:\/\/www.pricetravel.com\/es\/revista\/wp-content\/uploads\/2025\/06\/5-300x200.jpg 300w, https:\/\/www.pricetravel.com\/es\/revista\/wp-content\/uploads\/2025\/06\/5-768x512.jpg 768w\" sizes=\"(max-width: 1024px) 100vw, 1024px\" \/><\/figure>\n\n\n\n<h2 class=\"wp-block-heading has-large-font-size\"><strong>Espacios dise\u00f1ados para diferentes estilos de viaje<\/strong><\/h2>\n\n\n\n<p><strong>Krystal Grand\u00ae Puerto Vallarta<\/strong> est\u00e1 divido en dos secciones que se adaptan a las necesidades de cada estilo de viaje. La secci\u00f3n Resort, es el lugar ideal para pasar unas vacaciones divertidas con familia y amigos. The Hacienda\u00ae, por su parte, ofrece un concepto exclusivo para parejas que buscan unos d\u00edas de relajaci\u00f3n en un entorno \u00edntimo.<\/p>\n\n\n\n<p>Los detalles que tiene el hotel en todas sus habitaciones hacen que cada espacio reconecte con lo esencial, el descanso. Algunas de las suites en The Hacienda\u00ae cuentan con terraza, jacuzzi o acceso a una piscina semi-privada.<\/p>\n\n\n\n<figure class=\"wp-block-image size-full\"><img decoding=\"async\" width=\"1024\" height=\"682\" src=\"https:\/\/www.pricetravel.com\/es\/revista\/wp-content\/uploads\/2025\/06\/9.jpg\" alt=\"\" class=\"wp-image-4663\" srcset=\"https:\/\/www.pricetravel.com\/es\/revista\/wp-content\/uploads\/2025\/06\/9.jpg 1024w, https:\/\/www.pricetravel.com\/es\/revista\/wp-content\/uploads\/2025\/06\/9-300x200.jpg 300w, https:\/\/www.pricetravel.com\/es\/revista\/wp-content\/uploads\/2025\/06\/9-768x512.jpg 768w\" sizes=\"(max-width: 1024px) 100vw, 1024px\" \/><\/figure>\n\n\n\n<figure class=\"wp-block-image size-full\"><img loading=\"lazy\" decoding=\"async\" width=\"1024\" height=\"768\" src=\"https:\/\/www.pricetravel.com\/es\/revista\/wp-content\/uploads\/2025\/06\/7.jpg\" alt=\"\" class=\"wp-image-4664\" srcset=\"https:\/\/www.pricetravel.com\/es\/revista\/wp-content\/uploads\/2025\/06\/7.jpg 1024w, https:\/\/www.pricetravel.com\/es\/revista\/wp-content\/uploads\/2025\/06\/7-300x225.jpg 300w, https:\/\/www.pricetravel.com\/es\/revista\/wp-content\/uploads\/2025\/06\/7-768x576.jpg 768w\" sizes=\"(max-width: 1024px) 100vw, 1024px\" \/><\/figure>\n\n\n\n<h2 class=\"wp-block-heading has-large-font-size\"><strong>Sabores que despiertan emociones<\/strong><\/h2>\n\n\n\n<p>Durante tu estancia en <strong>Krystal Grand\u00ae Puerto Vallarta<\/strong> puedes disfrutar de una experiencia gastron\u00f3mica que se convierte en un viaje de sabores:<\/p>\n\n\n\n<ul class=\"wp-block-list\">\n<li>7 restaurantes de especialidad que incluyen comida mexicana, francesa e italiana.<\/li>\n\n\n\n<li>Restaurantes tipo buffet y \u00e1rea de snack bars frente al mar.<\/li>\n\n\n\n<li>5 bares con bebidas nacionales e internacionales.<\/li>\n\n\n\n<li>2 cafeter\u00edas, una de ellas con el concepto We Proudly Serve Starbucks\u00ae.<\/li>\n<\/ul>\n\n\n\n<figure class=\"wp-block-image size-full\"><img loading=\"lazy\" decoding=\"async\" width=\"1024\" height=\"768\" src=\"https:\/\/www.pricetravel.com\/es\/revista\/wp-content\/uploads\/2025\/06\/4.jpg\" alt=\"\" class=\"wp-image-4665\" srcset=\"https:\/\/www.pricetravel.com\/es\/revista\/wp-content\/uploads\/2025\/06\/4.jpg 1024w, https:\/\/www.pricetravel.com\/es\/revista\/wp-content\/uploads\/2025\/06\/4-300x225.jpg 300w, https:\/\/www.pricetravel.com\/es\/revista\/wp-content\/uploads\/2025\/06\/4-768x576.jpg 768w\" sizes=\"(max-width: 1024px) 100vw, 1024px\" \/><\/figure>\n\n\n\n<h2 class=\"wp-block-heading has-large-font-size\"><strong>Diversi\u00f3n para todos<\/strong><\/h2>\n\n\n\n<p><strong>Krystal Grand\u00ae Puerto Vallarta<\/strong> ofrece actividades para todas las edades. Los m\u00e1s peque\u00f1os se divierten en <strong>Kamp Krystal\u00ae<\/strong>, una zona dise\u00f1ada exclusivamente para ni\u00f1os con actividades supervisadas; por su parte los adolescentes tienen su propio espacio en <strong>Adventure Friends\u00ae<\/strong> con diferentes tipos de juegos de mesa y entretenimiento al aire libre.<\/p>\n\n\n\n<p>Y para los adultos tambi\u00e9n hay momentos de diversi\u00f3n en alguna de las cuatro piscinas, incluyendo una con vista al oc\u00e9ano. Ejerc\u00edtate en el \u00e1rea de gimnasio, rel\u00e1jate con alg\u00fan tratamiento en el spa o disfruta de la fiesta en sus noches tem\u00e1ticas.<\/p>\n\n\n\n<figure class=\"wp-block-image size-full\"><img loading=\"lazy\" decoding=\"async\" width=\"1024\" height=\"682\" src=\"https:\/\/www.pricetravel.com\/es\/revista\/wp-content\/uploads\/2025\/06\/3-1.jpg\" alt=\"\" class=\"wp-image-4666\" srcset=\"https:\/\/www.pricetravel.com\/es\/revista\/wp-content\/uploads\/2025\/06\/3-1.jpg 1024w, https:\/\/www.pricetravel.com\/es\/revista\/wp-content\/uploads\/2025\/06\/3-1-300x200.jpg 300w, https:\/\/www.pricetravel.com\/es\/revista\/wp-content\/uploads\/2025\/06\/3-1-768x512.jpg 768w\" sizes=\"(max-width: 1024px) 100vw, 1024px\" \/><\/figure>\n\n\n\n<h2 class=\"wp-block-heading has-large-font-size\"><strong>Cada detalle cuenta<\/strong><\/h2>\n\n\n\n<p>En <strong>Krystal Grand\u00ae Puerto Vallarta<\/strong> el servicio es parte de la experiencia, y esta va desde el personal que est\u00e1 en recepci\u00f3n hasta quienes cuidan de tu habitaci\u00f3n, todos est\u00e1n ah\u00ed para hacerte sentir especial.<\/p>\n\n\n\n<p>Asimismo, este resort te permite celebrar tus eventos m\u00e1s importantes en espacios ideales para reuniones privadas o empresariales que merecen un momento memorable.<\/p>\n\n\n\n<figure class=\"wp-block-image size-full\"><img loading=\"lazy\" decoding=\"async\" width=\"1024\" height=\"682\" src=\"https:\/\/www.pricetravel.com\/es\/revista\/wp-content\/uploads\/2025\/06\/10.jpg\" alt=\"\" class=\"wp-image-4667\" srcset=\"https:\/\/www.pricetravel.com\/es\/revista\/wp-content\/uploads\/2025\/06\/10.jpg 1024w, https:\/\/www.pricetravel.com\/es\/revista\/wp-content\/uploads\/2025\/06\/10-300x200.jpg 300w, https:\/\/www.pricetravel.com\/es\/revista\/wp-content\/uploads\/2025\/06\/10-768x512.jpg 768w\" sizes=\"(max-width: 1024px) 100vw, 1024px\" \/><\/figure>\n\n\n\n<p>Ahora ya sabes porqu\u00e9 <strong>Krystal Grand\u00ae Puerto Vallarta<\/strong> es el sitio perfecto para crear recuerdos \u00fanicos, lo que lo convierte en el hotel ideal para que visites en tus pr\u00f3ximas vacaciones a este destino.<\/p>\n\n\n\n<p><a href=\"https:\/\/www.pricetravel.com\/\"><strong>Reserva aqu\u00ed<\/strong><\/a><\/p>\n\n\n\n<p><\/p>\n","protected":false},"excerpt":{"rendered":"<p>Si quieres despertar con una incre\u00edble vista frente al mar que te permita disfrutar el sonido de las olas o sentir la arena dorada que hay en el Pac\u00edfico mexicano, Krystal Grand\u00ae Puerto Vallarta es el coraz\u00f3n de tus vacaciones, porque m\u00e1s que un hotel todo incluido, es una invitaci\u00f3n a vivir momentos inolvidables en [&hellip;]<\/p>\n","protected":false},"author":7,"featured_media":4658,"comment_status":"open","ping_status":"open","sticky":false,"template":"","format":"standard","meta":{"footnotes":""},"categories":[9,14],"tags":[31,20,104,29,111,304,22,24,102,220],"class_list":["post-4657","post","type-post","status-publish","format-standard","has-post-thumbnail","hentry","category-hoteles","category-lugares-turisticos-de-mexico","tag-destinos-de-playa","tag-hotel-de-playa","tag-hotel-de-playa-todo-incluido","tag-hotel-todo-incluido","tag-krystal-grand","tag-puerto-vallarta","tag-todo-incluido","tag-vacaciones-de-verano","tag-vacaciones-en-familia","tag-vacaciones-todo-incluido"],"yoast_head":"<!-- This site is optimized with the Yoast SEO plugin v27.5 - https:\/\/yoast.com\/product\/yoast-seo-wordpress\/ -->\n<title>Krystal Grand\u00ae Puerto Vallarta: el coraz\u00f3n de tus vacaciones - Revista PriceTravel<\/title>\n<meta name=\"description\" content=\"Descubre todas las sensaciones que puedes experimentar en Krystal Grand\u00ae Puerto Vallarta, un hotel todo incluido paradis\u00edaco.\" \/>\n<meta name=\"robots\" content=\"index, follow, max-snippet:-1, max-image-preview:large, max-video-preview:-1\" \/>\n<link rel=\"canonical\" href=\"https:\/\/www.pricetravel.com\/es\/revista\/krystal-grand-puerto-vallarta-el-corazon-de-tus-vacaciones\/\" \/>\n<meta property=\"og:locale\" content=\"en_US\" \/>\n<meta property=\"og:type\" content=\"article\" \/>\n<meta property=\"og:title\" content=\"Krystal Grand\u00ae Puerto Vallarta: el coraz\u00f3n de tus vacaciones - Revista PriceTravel\" \/>\n<meta property=\"og:description\" content=\"Descubre todas las sensaciones que puedes experimentar en Krystal Grand\u00ae Puerto Vallarta, un hotel todo incluido paradis\u00edaco.\" \/>\n<meta property=\"og:url\" content=\"https:\/\/www.pricetravel.com\/es\/revista\/krystal-grand-puerto-vallarta-el-corazon-de-tus-vacaciones\/\" \/>\n<meta property=\"og:site_name\" content=\"Revista PriceTravel\" \/>\n<meta property=\"article:publisher\" content=\"https:\/\/www.facebook.com\/PriceTravel\" \/>\n<meta property=\"article:published_time\" content=\"2025-06-13T07:30:00+00:00\" \/>\n<meta property=\"og:image\" content=\"https:\/\/www.pricetravel.com\/es\/revista\/wp-content\/uploads\/2025\/06\/1.jpg\" \/>\n\t<meta property=\"og:image:width\" content=\"1024\" \/>\n\t<meta property=\"og:image:height\" content=\"408\" \/>\n\t<meta property=\"og:image:type\" content=\"image\/jpeg\" \/>\n<meta name=\"author\" content=\"Estephany Sanguino\" \/>\n<meta name=\"twitter:card\" content=\"summary_large_image\" \/>\n<meta name=\"twitter:creator\" content=\"@PriceTravel\" \/>\n<meta name=\"twitter:site\" content=\"@PriceTravel\" \/>\n<meta name=\"twitter:label1\" content=\"Written by\" \/>\n\t<meta name=\"twitter:data1\" content=\"Estephany Sanguino\" \/>\n\t<meta name=\"twitter:label2\" content=\"Est. reading time\" \/>\n\t<meta name=\"twitter:data2\" content=\"4 minutes\" \/>\n<script type=\"application\/ld+json\" class=\"yoast-schema-graph\">{\"@context\":\"https:\\\/\\\/schema.org\",\"@graph\":[{\"@type\":\"Article\",\"@id\":\"https:\\\/\\\/www.pricetravel.com\\\/es\\\/revista\\\/krystal-grand-puerto-vallarta-el-corazon-de-tus-vacaciones\\\/#article\",\"isPartOf\":{\"@id\":\"https:\\\/\\\/www.pricetravel.com\\\/es\\\/revista\\\/krystal-grand-puerto-vallarta-el-corazon-de-tus-vacaciones\\\/\"},\"author\":{\"name\":\"Estephany Sanguino\",\"@id\":\"https:\\\/\\\/www.pricetravel.com\\\/es\\\/revista\\\/#\\\/schema\\\/person\\\/64a530a5eb3c86093a4aff6ed349a522\"},\"headline\":\"Krystal Grand\u00ae Puerto Vallarta: el coraz\u00f3n de tus vacaciones\",\"datePublished\":\"2025-06-13T07:30:00+00:00\",\"mainEntityOfPage\":{\"@id\":\"https:\\\/\\\/www.pricetravel.com\\\/es\\\/revista\\\/krystal-grand-puerto-vallarta-el-corazon-de-tus-vacaciones\\\/\"},\"wordCount\":535,\"commentCount\":0,\"publisher\":{\"@id\":\"https:\\\/\\\/www.pricetravel.com\\\/es\\\/revista\\\/#organization\"},\"image\":{\"@id\":\"https:\\\/\\\/www.pricetravel.com\\\/es\\\/revista\\\/krystal-grand-puerto-vallarta-el-corazon-de-tus-vacaciones\\\/#primaryimage\"},\"thumbnailUrl\":\"https:\\\/\\\/www.pricetravel.com\\\/es\\\/revista\\\/wp-content\\\/uploads\\\/2025\\\/06\\\/1.jpg\",\"keywords\":[\"Destinos de playa\",\"hotel de playa\",\"hotel de playa todo incluido\",\"Hotel todo incluido\",\"Krystal Grand\u00ae\ufe0f\",\"Puerto Vallarta\",\"todo incluido\",\"vacaciones de verano\",\"vacaciones en familia\",\"vacaciones todo incluido\"],\"articleSection\":[\"Hoteles\",\"Lugares Tur\u00edsticos de M\u00e9xico\"],\"inLanguage\":\"en-US\",\"potentialAction\":[{\"@type\":\"CommentAction\",\"name\":\"Comment\",\"target\":[\"https:\\\/\\\/www.pricetravel.com\\\/es\\\/revista\\\/krystal-grand-puerto-vallarta-el-corazon-de-tus-vacaciones\\\/#respond\"]}]},{\"@type\":\"WebPage\",\"@id\":\"https:\\\/\\\/www.pricetravel.com\\\/es\\\/revista\\\/krystal-grand-puerto-vallarta-el-corazon-de-tus-vacaciones\\\/\",\"url\":\"https:\\\/\\\/www.pricetravel.com\\\/es\\\/revista\\\/krystal-grand-puerto-vallarta-el-corazon-de-tus-vacaciones\\\/\",\"name\":\"Krystal Grand\u00ae Puerto Vallarta: el coraz\u00f3n de tus vacaciones - Revista PriceTravel\",\"isPartOf\":{\"@id\":\"https:\\\/\\\/www.pricetravel.com\\\/es\\\/revista\\\/#website\"},\"primaryImageOfPage\":{\"@id\":\"https:\\\/\\\/www.pricetravel.com\\\/es\\\/revista\\\/krystal-grand-puerto-vallarta-el-corazon-de-tus-vacaciones\\\/#primaryimage\"},\"image\":{\"@id\":\"https:\\\/\\\/www.pricetravel.com\\\/es\\\/revista\\\/krystal-grand-puerto-vallarta-el-corazon-de-tus-vacaciones\\\/#primaryimage\"},\"thumbnailUrl\":\"https:\\\/\\\/www.pricetravel.com\\\/es\\\/revista\\\/wp-content\\\/uploads\\\/2025\\\/06\\\/1.jpg\",\"datePublished\":\"2025-06-13T07:30:00+00:00\",\"description\":\"Descubre todas las sensaciones que puedes experimentar en Krystal Grand\u00ae Puerto Vallarta, un hotel todo incluido paradis\u00edaco.\",\"breadcrumb\":{\"@id\":\"https:\\\/\\\/www.pricetravel.com\\\/es\\\/revista\\\/krystal-grand-puerto-vallarta-el-corazon-de-tus-vacaciones\\\/#breadcrumb\"},\"inLanguage\":\"en-US\",\"potentialAction\":[{\"@type\":\"ReadAction\",\"target\":[\"https:\\\/\\\/www.pricetravel.com\\\/es\\\/revista\\\/krystal-grand-puerto-vallarta-el-corazon-de-tus-vacaciones\\\/\"]}]},{\"@type\":\"ImageObject\",\"inLanguage\":\"en-US\",\"@id\":\"https:\\\/\\\/www.pricetravel.com\\\/es\\\/revista\\\/krystal-grand-puerto-vallarta-el-corazon-de-tus-vacaciones\\\/#primaryimage\",\"url\":\"https:\\\/\\\/www.pricetravel.com\\\/es\\\/revista\\\/wp-content\\\/uploads\\\/2025\\\/06\\\/1.jpg\",\"contentUrl\":\"https:\\\/\\\/www.pricetravel.com\\\/es\\\/revista\\\/wp-content\\\/uploads\\\/2025\\\/06\\\/1.jpg\",\"width\":1024,\"height\":408,\"caption\":\"default\"},{\"@type\":\"BreadcrumbList\",\"@id\":\"https:\\\/\\\/www.pricetravel.com\\\/es\\\/revista\\\/krystal-grand-puerto-vallarta-el-corazon-de-tus-vacaciones\\\/#breadcrumb\",\"itemListElement\":[{\"@type\":\"ListItem\",\"position\":1,\"name\":\"Home\",\"item\":\"https:\\\/\\\/www.pricetravel.com\\\/es\\\/revista\\\/\"},{\"@type\":\"ListItem\",\"position\":2,\"name\":\"Krystal Grand\u00ae Puerto Vallarta: el coraz\u00f3n de tus vacaciones\"}]},{\"@type\":\"WebSite\",\"@id\":\"https:\\\/\\\/www.pricetravel.com\\\/es\\\/revista\\\/#website\",\"url\":\"https:\\\/\\\/www.pricetravel.com\\\/es\\\/revista\\\/\",\"name\":\"Revista PriceTravel\",\"description\":\"\",\"publisher\":{\"@id\":\"https:\\\/\\\/www.pricetravel.com\\\/es\\\/revista\\\/#organization\"},\"potentialAction\":[{\"@type\":\"SearchAction\",\"target\":{\"@type\":\"EntryPoint\",\"urlTemplate\":\"https:\\\/\\\/www.pricetravel.com\\\/es\\\/revista\\\/?s={search_term_string}\"},\"query-input\":{\"@type\":\"PropertyValueSpecification\",\"valueRequired\":true,\"valueName\":\"search_term_string\"}}],\"inLanguage\":\"en-US\"},{\"@type\":\"Organization\",\"@id\":\"https:\\\/\\\/www.pricetravel.com\\\/es\\\/revista\\\/#organization\",\"name\":\"Revista PriceTravel\",\"url\":\"https:\\\/\\\/www.pricetravel.com\\\/es\\\/revista\\\/\",\"logo\":{\"@type\":\"ImageObject\",\"inLanguage\":\"en-US\",\"@id\":\"https:\\\/\\\/www.pricetravel.com\\\/es\\\/revista\\\/#\\\/schema\\\/logo\\\/image\\\/\",\"url\":\"https:\\\/\\\/www.pricetravel.com\\\/es\\\/revista\\\/wp-content\\\/uploads\\\/2023\\\/04\\\/logo-pricetravel.png\",\"contentUrl\":\"https:\\\/\\\/www.pricetravel.com\\\/es\\\/revista\\\/wp-content\\\/uploads\\\/2023\\\/04\\\/logo-pricetravel.png\",\"width\":543,\"height\":72,\"caption\":\"Revista PriceTravel\"},\"image\":{\"@id\":\"https:\\\/\\\/www.pricetravel.com\\\/es\\\/revista\\\/#\\\/schema\\\/logo\\\/image\\\/\"},\"sameAs\":[\"https:\\\/\\\/www.facebook.com\\\/PriceTravel\",\"https:\\\/\\\/x.com\\\/PriceTravel\",\"https:\\\/\\\/www.instagram.com\\\/pricetravel\\\/\"]},{\"@type\":\"Person\",\"@id\":\"https:\\\/\\\/www.pricetravel.com\\\/es\\\/revista\\\/#\\\/schema\\\/person\\\/64a530a5eb3c86093a4aff6ed349a522\",\"name\":\"Estephany Sanguino\",\"image\":{\"@type\":\"ImageObject\",\"inLanguage\":\"en-US\",\"@id\":\"https:\\\/\\\/secure.gravatar.com\\\/avatar\\\/1214f6fc07b533553153eecbf6a0f2a0506dec082f8bb083d9db772fded87d74?s=96&d=mm&r=g\",\"url\":\"https:\\\/\\\/secure.gravatar.com\\\/avatar\\\/1214f6fc07b533553153eecbf6a0f2a0506dec082f8bb083d9db772fded87d74?s=96&d=mm&r=g\",\"contentUrl\":\"https:\\\/\\\/secure.gravatar.com\\\/avatar\\\/1214f6fc07b533553153eecbf6a0f2a0506dec082f8bb083d9db772fded87d74?s=96&d=mm&r=g\",\"caption\":\"Estephany Sanguino\"},\"url\":\"https:\\\/\\\/www.pricetravel.com\\\/es\\\/revista\\\/author\\\/estephany-sanguino\\\/\"}]}<\/script>\n<!-- \/ Yoast SEO plugin. -->","yoast_head_json":{"title":"Krystal Grand\u00ae Puerto Vallarta: el coraz\u00f3n de tus vacaciones - Revista PriceTravel","description":"Descubre todas las sensaciones que puedes experimentar en Krystal Grand\u00ae Puerto Vallarta, un hotel todo incluido paradis\u00edaco.","robots":{"index":"index","follow":"follow","max-snippet":"max-snippet:-1","max-image-preview":"max-image-preview:large","max-video-preview":"max-video-preview:-1"},"canonical":"https:\/\/www.pricetravel.com\/es\/revista\/krystal-grand-puerto-vallarta-el-corazon-de-tus-vacaciones\/","og_locale":"en_US","og_type":"article","og_title":"Krystal Grand\u00ae Puerto Vallarta: el coraz\u00f3n de tus vacaciones - Revista PriceTravel","og_description":"Descubre todas las sensaciones que puedes experimentar en Krystal Grand\u00ae Puerto Vallarta, un hotel todo incluido paradis\u00edaco.","og_url":"https:\/\/www.pricetravel.com\/es\/revista\/krystal-grand-puerto-vallarta-el-corazon-de-tus-vacaciones\/","og_site_name":"Revista PriceTravel","article_publisher":"https:\/\/www.facebook.com\/PriceTravel","article_published_time":"2025-06-13T07:30:00+00:00","og_image":[{"width":1024,"height":408,"url":"https:\/\/www.pricetravel.com\/es\/revista\/wp-content\/uploads\/2025\/06\/1.jpg","type":"image\/jpeg"}],"author":"Estephany Sanguino","twitter_card":"summary_large_image","twitter_creator":"@PriceTravel","twitter_site":"@PriceTravel","twitter_misc":{"Written by":"Estephany Sanguino","Est. reading time":"4 minutes"},"schema":{"@context":"https:\/\/schema.org","@graph":[{"@type":"Article","@id":"https:\/\/www.pricetravel.com\/es\/revista\/krystal-grand-puerto-vallarta-el-corazon-de-tus-vacaciones\/#article","isPartOf":{"@id":"https:\/\/www.pricetravel.com\/es\/revista\/krystal-grand-puerto-vallarta-el-corazon-de-tus-vacaciones\/"},"author":{"name":"Estephany Sanguino","@id":"https:\/\/www.pricetravel.com\/es\/revista\/#\/schema\/person\/64a530a5eb3c86093a4aff6ed349a522"},"headline":"Krystal Grand\u00ae Puerto Vallarta: el coraz\u00f3n de tus vacaciones","datePublished":"2025-06-13T07:30:00+00:00","mainEntityOfPage":{"@id":"https:\/\/www.pricetravel.com\/es\/revista\/krystal-grand-puerto-vallarta-el-corazon-de-tus-vacaciones\/"},"wordCount":535,"commentCount":0,"publisher":{"@id":"https:\/\/www.pricetravel.com\/es\/revista\/#organization"},"image":{"@id":"https:\/\/www.pricetravel.com\/es\/revista\/krystal-grand-puerto-vallarta-el-corazon-de-tus-vacaciones\/#primaryimage"},"thumbnailUrl":"https:\/\/www.pricetravel.com\/es\/revista\/wp-content\/uploads\/2025\/06\/1.jpg","keywords":["Destinos de playa","hotel de playa","hotel de playa todo incluido","Hotel todo incluido","Krystal Grand\u00ae\ufe0f","Puerto Vallarta","todo incluido","vacaciones de verano","vacaciones en familia","vacaciones todo incluido"],"articleSection":["Hoteles","Lugares Tur\u00edsticos de M\u00e9xico"],"inLanguage":"en-US","potentialAction":[{"@type":"CommentAction","name":"Comment","target":["https:\/\/www.pricetravel.com\/es\/revista\/krystal-grand-puerto-vallarta-el-corazon-de-tus-vacaciones\/#respond"]}]},{"@type":"WebPage","@id":"https:\/\/www.pricetravel.com\/es\/revista\/krystal-grand-puerto-vallarta-el-corazon-de-tus-vacaciones\/","url":"https:\/\/www.pricetravel.com\/es\/revista\/krystal-grand-puerto-vallarta-el-corazon-de-tus-vacaciones\/","name":"Krystal Grand\u00ae Puerto Vallarta: el coraz\u00f3n de tus vacaciones - Revista PriceTravel","isPartOf":{"@id":"https:\/\/www.pricetravel.com\/es\/revista\/#website"},"primaryImageOfPage":{"@id":"https:\/\/www.pricetravel.com\/es\/revista\/krystal-grand-puerto-vallarta-el-corazon-de-tus-vacaciones\/#primaryimage"},"image":{"@id":"https:\/\/www.pricetravel.com\/es\/revista\/krystal-grand-puerto-vallarta-el-corazon-de-tus-vacaciones\/#primaryimage"},"thumbnailUrl":"https:\/\/www.pricetravel.com\/es\/revista\/wp-content\/uploads\/2025\/06\/1.jpg","datePublished":"2025-06-13T07:30:00+00:00","description":"Descubre todas las sensaciones que puedes experimentar en Krystal Grand\u00ae Puerto Vallarta, un hotel todo incluido paradis\u00edaco.","breadcrumb":{"@id":"https:\/\/www.pricetravel.com\/es\/revista\/krystal-grand-puerto-vallarta-el-corazon-de-tus-vacaciones\/#breadcrumb"},"inLanguage":"en-US","potentialAction":[{"@type":"ReadAction","target":["https:\/\/www.pricetravel.com\/es\/revista\/krystal-grand-puerto-vallarta-el-corazon-de-tus-vacaciones\/"]}]},{"@type":"ImageObject","inLanguage":"en-US","@id":"https:\/\/www.pricetravel.com\/es\/revista\/krystal-grand-puerto-vallarta-el-corazon-de-tus-vacaciones\/#primaryimage","url":"https:\/\/www.pricetravel.com\/es\/revista\/wp-content\/uploads\/2025\/06\/1.jpg","contentUrl":"https:\/\/www.pricetravel.com\/es\/revista\/wp-content\/uploads\/2025\/06\/1.jpg","width":1024,"height":408,"caption":"default"},{"@type":"BreadcrumbList","@id":"https:\/\/www.pricetravel.com\/es\/revista\/krystal-grand-puerto-vallarta-el-corazon-de-tus-vacaciones\/#breadcrumb","itemListElement":[{"@type":"ListItem","position":1,"name":"Home","item":"https:\/\/www.pricetravel.com\/es\/revista\/"},{"@type":"ListItem","position":2,"name":"Krystal Grand\u00ae Puerto Vallarta: el coraz\u00f3n de tus vacaciones"}]},{"@type":"WebSite","@id":"https:\/\/www.pricetravel.com\/es\/revista\/#website","url":"https:\/\/www.pricetravel.com\/es\/revista\/","name":"Revista PriceTravel","description":"","publisher":{"@id":"https:\/\/www.pricetravel.com\/es\/revista\/#organization"},"potentialAction":[{"@type":"SearchAction","target":{"@type":"EntryPoint","urlTemplate":"https:\/\/www.pricetravel.com\/es\/revista\/?s={search_term_string}"},"query-input":{"@type":"PropertyValueSpecification","valueRequired":true,"valueName":"search_term_string"}}],"inLanguage":"en-US"},{"@type":"Organization","@id":"https:\/\/www.pricetravel.com\/es\/revista\/#organization","name":"Revista PriceTravel","url":"https:\/\/www.pricetravel.com\/es\/revista\/","logo":{"@type":"ImageObject","inLanguage":"en-US","@id":"https:\/\/www.pricetravel.com\/es\/revista\/#\/schema\/logo\/image\/","url":"https:\/\/www.pricetravel.com\/es\/revista\/wp-content\/uploads\/2023\/04\/logo-pricetravel.png","contentUrl":"https:\/\/www.pricetravel.com\/es\/revista\/wp-content\/uploads\/2023\/04\/logo-pricetravel.png","width":543,"height":72,"caption":"Revista PriceTravel"},"image":{"@id":"https:\/\/www.pricetravel.com\/es\/revista\/#\/schema\/logo\/image\/"},"sameAs":["https:\/\/www.facebook.com\/PriceTravel","https:\/\/x.com\/PriceTravel","https:\/\/www.instagram.com\/pricetravel\/"]},{"@type":"Person","@id":"https:\/\/www.pricetravel.com\/es\/revista\/#\/schema\/person\/64a530a5eb3c86093a4aff6ed349a522","name":"Estephany Sanguino","image":{"@type":"ImageObject","inLanguage":"en-US","@id":"https:\/\/secure.gravatar.com\/avatar\/1214f6fc07b533553153eecbf6a0f2a0506dec082f8bb083d9db772fded87d74?s=96&d=mm&r=g","url":"https:\/\/secure.gravatar.com\/avatar\/1214f6fc07b533553153eecbf6a0f2a0506dec082f8bb083d9db772fded87d74?s=96&d=mm&r=g","contentUrl":"https:\/\/secure.gravatar.com\/avatar\/1214f6fc07b533553153eecbf6a0f2a0506dec082f8bb083d9db772fded87d74?s=96&d=mm&r=g","caption":"Estephany Sanguino"},"url":"https:\/\/www.pricetravel.com\/es\/revista\/author\/estephany-sanguino\/"}]}},"_links":{"self":[{"href":"https:\/\/www.pricetravel.com\/es\/revista\/wp-json\/wp\/v2\/posts\/4657","targetHints":{"allow":["GET"]}}],"collection":[{"href":"https:\/\/www.pricetravel.com\/es\/revista\/wp-json\/wp\/v2\/posts"}],"about":[{"href":"https:\/\/www.pricetravel.com\/es\/revista\/wp-json\/wp\/v2\/types\/post"}],"author":[{"embeddable":true,"href":"https:\/\/www.pricetravel.com\/es\/revista\/wp-json\/wp\/v2\/users\/7"}],"replies":[{"embeddable":true,"href":"https:\/\/www.pricetravel.com\/es\/revista\/wp-json\/wp\/v2\/comments?post=4657"}],"version-history":[{"count":14,"href":"https:\/\/www.pricetravel.com\/es\/revista\/wp-json\/wp\/v2\/posts\/4657\/revisions"}],"predecessor-version":[{"id":4697,"href":"https:\/\/www.pricetravel.com\/es\/revista\/wp-json\/wp\/v2\/posts\/4657\/revisions\/4697"}],"wp:featuredmedia":[{"embeddable":true,"href":"https:\/\/www.pricetravel.com\/es\/revista\/wp-json\/wp\/v2\/media\/4658"}],"wp:attachment":[{"href":"https:\/\/www.pricetravel.com\/es\/revista\/wp-json\/wp\/v2\/media?parent=4657"}],"wp:term":[{"taxonomy":"category","embeddable":true,"href":"https:\/\/www.pricetravel.com\/es\/revista\/wp-json\/wp\/v2\/categories?post=4657"},{"taxonomy":"post_tag","embeddable":true,"href":"https:\/\/www.pricetravel.com\/es\/revista\/wp-json\/wp\/v2\/tags?post=4657"}],"curies":[{"name":"wp","href":"https:\/\/api.w.org\/{rel}","templated":true}]}}